{"id":649,"date":"2022-05-16T20:00:00","date_gmt":"2022-05-16T20:00:00","guid":{"rendered":"http:\/\/investinalentejo.pt\/en\/?p=649"},"modified":"2023-08-18T12:44:58","modified_gmt":"2023-08-18T12:44:58","slug":"promocao-do-alqueva-como-destino-de-investimento-para-horticultura-europeia","status":"publish","type":"post","link":"https:\/\/investinalentejo.pt\/en\/promocao-do-alqueva-como-destino-de-investimento-para-horticultura-europeia\/","title":{"rendered":"Promotion of Alqueva as an investment destination for European horticulture"},"content":{"rendered":"\n<p>EDIA &#8211; Empresa de Desenvolvimento e Infra-estruturas do Alqueva leads an institutional mission to the Netherlands, from May 16-20, to present the Alqueva Multiple Purpose Enterprise and the potential of agribusiness in the Alentejo region, with the support of ADRAL, within the Invest in Alentejo initiative.<\/p>\n\n\n\n<p>The delegation is made up of several entities from the Alqueva region, responsible for the different areas of agribusiness. In addition to EDIA &#8211; Empresa de Desenvolvimento e Infra-estruturas do Alqueva, S.A. and ADRAL &#8211; Ag\u00eancia de Desenvolvimento Regional do Alentejo , major farmers and their associations will join the group (APBA \u2013 Associa\u00e7\u00e3o de Propriet\u00e1rios e Benefici\u00e1rios do Alqueva; AABA \u2013 Associa\u00e7\u00e3o de Agricultores do Baixo Alentejo; ACOS \u2013 Agricultores do Sul; FAABA &#8211; Federa\u00e7\u00e3o das Associa\u00e7\u00f5es de Agricultores do Baixo Alentejo; Cooperativa de Beja e Brinches, Portugal; FRESH \u2013 Frutas, Legumes e Flores; Olivum \u2013 Associa\u00e7\u00e3o de Olivicultores do Sul; Instituto Polit\u00e9cnico de Beja \u2013 Escola Superior Agr\u00e1ria de Beja; COTR \u2013 Centro Operativo Tecnol\u00f3gico do Regadio; Dire\u00e7\u00e3o Regional de Agricultura do Alentejo and Minist\u00e9rio da Agricultura).<\/p>\n","protected":false},"excerpt":{"rendered":"<p>EDIA &#8211; Empresa de Desenvolvimento e Infra-estruturas do Alqueva leads an institutional mission to the Netherlands, from May 16-20, to present the Alqueva Multiple Purpose Enterprise and the potential of agribusiness in the Alentejo region, with the support of ADRAL, within the Invest in Alentejo initiative. The delegation is made up of several entities from [&hellip;]<\/p>\n","protected":false},"author":1,"featured_media":788,"comment_status":"closed","ping_status":"open","sticky":false,"template":"","format":"standard","meta":{"footnotes":""},"categories":[1],"tags":[],"class_list":["post-649","post","type-post","status-publish","format-standard","has-post-thumbnail","hentry","category-sem-categoria"],"acf":[],"_links":{"self":[{"href":"https:\/\/investinalentejo.pt\/en\/wp-json\/wp\/v2\/posts\/649","targetHints":{"allow":["GET"]}}],"collection":[{"href":"https:\/\/investinalentejo.pt\/en\/wp-json\/wp\/v2\/posts"}],"about":[{"href":"https:\/\/investinalentejo.pt\/en\/wp-json\/wp\/v2\/types\/post"}],"author":[{"embeddable":true,"href":"https:\/\/investinalentejo.pt\/en\/wp-json\/wp\/v2\/users\/1"}],"replies":[{"embeddable":true,"href":"https:\/\/investinalentejo.pt\/en\/wp-json\/wp\/v2\/comments?post=649"}],"version-history":[{"count":3,"href":"https:\/\/investinalentejo.pt\/en\/wp-json\/wp\/v2\/posts\/649\/revisions"}],"predecessor-version":[{"id":2007,"href":"https:\/\/investinalentejo.pt\/en\/wp-json\/wp\/v2\/posts\/649\/revisions\/2007"}],"wp:featuredmedia":[{"embeddable":true,"href":"https:\/\/investinalentejo.pt\/en\/wp-json\/wp\/v2\/media\/788"}],"wp:attachment":[{"href":"https:\/\/investinalentejo.pt\/en\/wp-json\/wp\/v2\/media?parent=649"}],"wp:term":[{"taxonomy":"category","embeddable":true,"href":"https:\/\/investinalentejo.pt\/en\/wp-json\/wp\/v2\/categories?post=649"},{"taxonomy":"post_tag","embeddable":true,"href":"https:\/\/investinalentejo.pt\/en\/wp-json\/wp\/v2\/tags?post=649"}],"curies":[{"name":"wp","href":"https:\/\/api.w.org\/{rel}","templated":true}]}}