{"id":673,"date":"2022-03-17T21:08:00","date_gmt":"2022-03-17T21:08:00","guid":{"rendered":"http:\/\/investinalentejo.pt\/en\/?p=673"},"modified":"2023-08-18T12:46:19","modified_gmt":"2023-08-18T12:46:19","slug":"balanco-do-ultimo-dia-de-missao-invest-in-alentejo-em-sao-paulo-brasil","status":"publish","type":"post","link":"https:\/\/investinalentejo.pt\/en\/balanco-do-ultimo-dia-de-missao-invest-in-alentejo-em-sao-paulo-brasil\/","title":{"rendered":"Summary of the last day of Invest in Alentejo\u2019s mission in S\u00e3o Paulo, Brazil"},"content":{"rendered":"\n<p>Today, at C\u00e2mara Portuguesa de Com\u00e9rcio de S\u00e3o Paulo, took place the second of two sessions planned by Invest in Alentejo on its mission to Brazil. Led by Jos\u00e9 Lu\u00eds Cacho, President of APS &#8211; Administration of the Ports of Sines and Algarve S.A, and Miguel Gama, Executive Manager of aicep Global Parques, the sessions aimed at showcasing the opportunities that the Port, Logistics and Industrial Complex of Sines can represent to the Brazilian market, as a strategic gateway to Europe and its consuming market.<\/p>\n\n\n\n<p>Similar to yesterday, the mission aimed at presenting the enormous potential of the Port, Logistics and Industrial Complex of Sines to serve as a gateway for the entrance of Brazilian products and raw materials that, with the industries and logistics available in the complex, could increase its value and be thereon exported to other points in Europe and the world.<\/p>\n\n\n\n<p>This session was attended by the President of C\u00e2mara Portuguesa de Com\u00e9rcio de S\u00e3o Paulo, Dr. Nuno Rebelo de Sousa.<\/p>\n\n\n\n<p>About this mission, Jo\u00e3o Grilo, President of ADRAL &#8211; Alentejo Regional Development Agency, highlights that Invest in Alentejo aims at capturing investment \u201cin the area of logistics of Brazilian\u2019s agribusiness industry, which complements the visit of Brazil\u2019s Minister of Agriculture, Tereza Cristina, to the Port of Sines, in October 2020, where there was a discussion about a project that aimed at implanting a terminal for the exportation of Brazilian fruits and meats to other European countries, Northern Africa and Middle East\u201d.<\/p>\n","protected":false},"excerpt":{"rendered":"<p>Today, at C\u00e2mara Portuguesa de Com\u00e9rcio de S\u00e3o Paulo, took place the second of two sessions planned by Invest in Alentejo on its mission to Brazil. Led by Jos\u00e9 Lu\u00eds Cacho, President of APS &#8211; Administration of the Ports of Sines and Algarve S.A, and Miguel Gama, Executive Manager of aicep Global Parques, the sessions [&hellip;]<\/p>\n","protected":false},"author":1,"featured_media":790,"comment_status":"closed","ping_status":"open","sticky":false,"template":"","format":"standard","meta":{"footnotes":""},"categories":[1],"tags":[],"class_list":["post-673","post","type-post","status-publish","format-standard","has-post-thumbnail","hentry","category-sem-categoria"],"acf":[],"_links":{"self":[{"href":"https:\/\/investinalentejo.pt\/en\/wp-json\/wp\/v2\/posts\/673","targetHints":{"allow":["GET"]}}],"collection":[{"href":"https:\/\/investinalentejo.pt\/en\/wp-json\/wp\/v2\/posts"}],"about":[{"href":"https:\/\/investinalentejo.pt\/en\/wp-json\/wp\/v2\/types\/post"}],"author":[{"embeddable":true,"href":"https:\/\/investinalentejo.pt\/en\/wp-json\/wp\/v2\/users\/1"}],"replies":[{"embeddable":true,"href":"https:\/\/investinalentejo.pt\/en\/wp-json\/wp\/v2\/comments?post=673"}],"version-history":[{"count":2,"href":"https:\/\/investinalentejo.pt\/en\/wp-json\/wp\/v2\/posts\/673\/revisions"}],"predecessor-version":[{"id":2009,"href":"https:\/\/investinalentejo.pt\/en\/wp-json\/wp\/v2\/posts\/673\/revisions\/2009"}],"wp:featuredmedia":[{"embeddable":true,"href":"https:\/\/investinalentejo.pt\/en\/wp-json\/wp\/v2\/media\/790"}],"wp:attachment":[{"href":"https:\/\/investinalentejo.pt\/en\/wp-json\/wp\/v2\/media?parent=673"}],"wp:term":[{"taxonomy":"category","embeddable":true,"href":"https:\/\/investinalentejo.pt\/en\/wp-json\/wp\/v2\/categories?post=673"},{"taxonomy":"post_tag","embeddable":true,"href":"https:\/\/investinalentejo.pt\/en\/wp-json\/wp\/v2\/tags?post=673"}],"curies":[{"name":"wp","href":"https:\/\/api.w.org\/{rel}","templated":true}]}}