{"id":677,"date":"2022-03-15T21:09:00","date_gmt":"2022-03-15T21:09:00","guid":{"rendered":"http:\/\/investinalentejo.pt\/en\/?p=677"},"modified":"2023-08-18T12:47:23","modified_gmt":"2023-08-18T12:47:23","slug":"invest-in-alentejo-acompanha-missao-empresarial-em-sao-paulo","status":"publish","type":"post","link":"https:\/\/investinalentejo.pt\/en\/invest-in-alentejo-acompanha-missao-empresarial-em-sao-paulo\/","title":{"rendered":"Invest in Alentejo promotes a business mission in S\u00e3o Paulo"},"content":{"rendered":"\n<p>Invest in Alentejo accompanies APS &#8211; Administration of the Ports of Sines and Algarve and aicep Global Parques at Intermodal South America, in S\u00e3o Paulo &#8211; the main logistics, cargo transportation and foreign trade event targeted for professionals in the logistics sector. This support integrates APP\u2019s (Associa\u00e7\u00e3o dos Portos de Portugal) presence in the event, with the representation of all Portuguese ports.<\/p>\n\n\n\n<p>This institutional mission is made up of two presentations of the Port, Logistics and Industrial Complex of Sines to the Brazilian market, as a main gateway for products in Europe. The sessions are going to be led by Port of Sines and aicep Global Parques, and are taking place at the Consulate General of Portugal, on the 16th, and on the C\u00e2mara de Com\u00e9rcio de S\u00e3o Paulo, on the 17th. The entourage consists of the Executive Manager of aicep Global Parques, Miguel Gama, the Business Development Director of aicep global parks, Gon\u00e7alo Eiras, the President of APS &#8211; Administration of the Ports of Sines and Algarve S.A, Jos\u00e9 Lu\u00eds Cacho, the Advisor to APS &#8211; Administration of the Ports of Sines and the Algarve S.A, Lu\u00eds Silva, the Director of aicep, Francisco Sai\u00e3o Costa, and the Coordinator of the Department of Foreign Relations of ADRAL and Coordinator of the Invest in Alentejo initiative, Daniel Janeiro.<\/p>\n","protected":false},"excerpt":{"rendered":"<p>Invest in Alentejo accompanies APS &#8211; Administration of the Ports of Sines and Algarve and aicep Global Parques at Intermodal South America, in S\u00e3o Paulo &#8211; the main logistics, cargo transportation and foreign trade event targeted for professionals in the logistics sector. This support integrates APP\u2019s (Associa\u00e7\u00e3o dos Portos de Portugal) presence in the event, [&hellip;]<\/p>\n","protected":false},"author":1,"featured_media":793,"comment_status":"closed","ping_status":"open","sticky":false,"template":"","format":"standard","meta":{"footnotes":""},"categories":[1],"tags":[],"class_list":["post-677","post","type-post","status-publish","format-standard","has-post-thumbnail","hentry","category-sem-categoria"],"acf":[],"_links":{"self":[{"href":"https:\/\/investinalentejo.pt\/en\/wp-json\/wp\/v2\/posts\/677","targetHints":{"allow":["GET"]}}],"collection":[{"href":"https:\/\/investinalentejo.pt\/en\/wp-json\/wp\/v2\/posts"}],"about":[{"href":"https:\/\/investinalentejo.pt\/en\/wp-json\/wp\/v2\/types\/post"}],"author":[{"embeddable":true,"href":"https:\/\/investinalentejo.pt\/en\/wp-json\/wp\/v2\/users\/1"}],"replies":[{"embeddable":true,"href":"https:\/\/investinalentejo.pt\/en\/wp-json\/wp\/v2\/comments?post=677"}],"version-history":[{"count":2,"href":"https:\/\/investinalentejo.pt\/en\/wp-json\/wp\/v2\/posts\/677\/revisions"}],"predecessor-version":[{"id":2011,"href":"https:\/\/investinalentejo.pt\/en\/wp-json\/wp\/v2\/posts\/677\/revisions\/2011"}],"wp:featuredmedia":[{"embeddable":true,"href":"https:\/\/investinalentejo.pt\/en\/wp-json\/wp\/v2\/media\/793"}],"wp:attachment":[{"href":"https:\/\/investinalentejo.pt\/en\/wp-json\/wp\/v2\/media?parent=677"}],"wp:term":[{"taxonomy":"category","embeddable":true,"href":"https:\/\/investinalentejo.pt\/en\/wp-json\/wp\/v2\/categories?post=677"},{"taxonomy":"post_tag","embeddable":true,"href":"https:\/\/investinalentejo.pt\/en\/wp-json\/wp\/v2\/tags?post=677"}],"curies":[{"name":"wp","href":"https:\/\/api.w.org\/{rel}","templated":true}]}}