{"id":687,"date":"2022-02-07T21:12:00","date_gmt":"2022-02-07T21:12:00","guid":{"rendered":"http:\/\/investinalentejo.pt\/en\/?p=687"},"modified":"2023-08-18T12:50:46","modified_gmt":"2023-08-18T12:50:46","slug":"parte-hoje-para-a-expo-dubai-a-maior-missao-empresarial-de-internacionalizacao-do-alentejo","status":"publish","type":"post","link":"https:\/\/investinalentejo.pt\/en\/parte-hoje-para-a-expo-dubai-a-maior-missao-empresarial-de-internacionalizacao-do-alentejo\/","title":{"rendered":"The biggest business mission for the internationalization of Alentejo leaves today for Expo Dubai"},"content":{"rendered":"\n<p>Today, the biggest business mission for the internationalization of the Alentejo leaves for Expo Dubai. This is a mission of ADRAL \u2013 Alentejo Regional Development Agency, within the scope of the Invest in Alentejo initiative, to promote the internationalization of the main equipment and resources of the Alentejo region in the Portugal Pavilion of Expo Dubai 2020, between the 8th and 11th of February. <\/p>\n\n\n\n<p>The delegation includes the vice president of the executive committee of Aicep Global Parques, Isabel Caldeira Cardoso, the president of APS &#8211; Administration of the Ports of Sines and Algarve, Jos\u00e9 Lu\u00eds Cacho, the president of ARPTA &#8211; Regional Agency for Tourism Promotion of Alentejo , V\u00edtor Silva, the vice-president of the Municipality of Ponte de Sor, Rog\u00e9rio Alves, the president of the Municipality of Santiago do Cac\u00e9m, \u00c1lvaro Beijinha, the president of the Municipality of Sines, Nuno Mascarenhas and the coordinator of the external relations department of ADRAL and coordinator of the Invest in Alentejo initiative, Daniel Janeiro, among other personalities.<\/p>\n","protected":false},"excerpt":{"rendered":"<p>Today, the biggest business mission for the internationalization of the Alentejo leaves for Expo Dubai. This is a mission of ADRAL \u2013 Alentejo Regional Development Agency, within the scope of the Invest in Alentejo initiative, to promote the internationalization of the main equipment and resources of the Alentejo region in the Portugal Pavilion of Expo [&hellip;]<\/p>\n","protected":false},"author":1,"featured_media":798,"comment_status":"closed","ping_status":"open","sticky":false,"template":"","format":"standard","meta":{"footnotes":""},"categories":[1],"tags":[],"class_list":["post-687","post","type-post","status-publish","format-standard","has-post-thumbnail","hentry","category-sem-categoria"],"acf":[],"_links":{"self":[{"href":"https:\/\/investinalentejo.pt\/en\/wp-json\/wp\/v2\/posts\/687","targetHints":{"allow":["GET"]}}],"collection":[{"href":"https:\/\/investinalentejo.pt\/en\/wp-json\/wp\/v2\/posts"}],"about":[{"href":"https:\/\/investinalentejo.pt\/en\/wp-json\/wp\/v2\/types\/post"}],"author":[{"embeddable":true,"href":"https:\/\/investinalentejo.pt\/en\/wp-json\/wp\/v2\/users\/1"}],"replies":[{"embeddable":true,"href":"https:\/\/investinalentejo.pt\/en\/wp-json\/wp\/v2\/comments?post=687"}],"version-history":[{"count":2,"href":"https:\/\/investinalentejo.pt\/en\/wp-json\/wp\/v2\/posts\/687\/revisions"}],"predecessor-version":[{"id":2017,"href":"https:\/\/investinalentejo.pt\/en\/wp-json\/wp\/v2\/posts\/687\/revisions\/2017"}],"wp:featuredmedia":[{"embeddable":true,"href":"https:\/\/investinalentejo.pt\/en\/wp-json\/wp\/v2\/media\/798"}],"wp:attachment":[{"href":"https:\/\/investinalentejo.pt\/en\/wp-json\/wp\/v2\/media?parent=687"}],"wp:term":[{"taxonomy":"category","embeddable":true,"href":"https:\/\/investinalentejo.pt\/en\/wp-json\/wp\/v2\/categories?post=687"},{"taxonomy":"post_tag","embeddable":true,"href":"https:\/\/investinalentejo.pt\/en\/wp-json\/wp\/v2\/tags?post=687"}],"curies":[{"name":"wp","href":"https:\/\/api.w.org\/{rel}","templated":true}]}}