{"id":1817,"date":"2023-06-05T15:09:00","date_gmt":"2023-06-05T15:09:00","guid":{"rendered":"http:\/\/investinalentejo.pt\/pt\/?p=1817"},"modified":"2023-08-04T10:41:40","modified_gmt":"2023-08-04T10:41:40","slug":"alentejo-reforca-presenca-no-coracao-da-uniao-europeia","status":"publish","type":"post","link":"https:\/\/investinalentejo.pt\/pt\/alentejo-reforca-presenca-no-coracao-da-uniao-europeia\/","title":{"rendered":"Alentejo refor\u00e7a presen\u00e7a no cora\u00e7\u00e3o da Uni\u00e3o Europeia"},"content":{"rendered":"\n<p>No dia 5 de junho, \ud835\uddd7\ud835\uddee\ud835\uddfb\ud835\uddf6\ud835\uddf2\ud835\uddf9 \ud835\udddd\ud835\uddee\ud835\uddfb\ud835\uddf2\ud835\uddf6\ud835\uddff\ud835\uddfc, C\ud835\ude30\ud835\ude30\ud835\ude33\ud835\ude25\ud835\ude26\ud835\ude2f\ud835\ude22\ud835\ude25\ud835\ude30\ud835\ude33 \ud835\ude25\ud835\ude30 \ud835\ude0b\ud835\ude26\ud835\ude31\ud835\ude22\ud835\ude33\ud835\ude35\ud835\ude22\ud835\ude2e\ud835\ude26\ud835\ude2f\ud835\ude35\ud835\ude30 \ud835\ude25\ud835\ude26 \ud835\ude19\ud835\ude26\ud835\ude2d\ud835\ude22\ud835\ude24\u0327\ud835\ude30\u0303\ud835\ude26\ud835\ude34 \ud835\ude10\ud835\ude2f\ud835\ude35\ud835\ude26\ud835\ude33\ud835\ude2f\ud835\ude22\ud835\ude24\ud835\ude2a\ud835\ude30\ud835\ude2f\ud835\ude22\ud835\ude2a\ud835\ude34 \ud835\ude25\ud835\ude22 \ud835\uddd4\ud835\uddd7\ud835\udde5\ud835\uddd4\ud835\udddf e Coordenador do Projeto Invest in Alentejo, concluiu a primeira miss\u00e3o de trabalhos preparat\u00f3rios no sentido de refor\u00e7ar a presen\u00e7a do Alentejo no cora\u00e7\u00e3o da Uni\u00e3o Europeia, junto da \ud835\uddd8\ud835\uddfa\ud835\uddef\ud835\uddee\ud835\uddf6\ud835\ude05\ud835\uddee\ud835\uddf1\ud835\uddee \ud835\uddf1\ud835\uddf2 \ud835\udde3\ud835\uddfc\ud835\uddff\ud835\ude01\ud835\ude02\ud835\uddf4\ud835\uddee\ud835\uddf9 \ud835\uddf2\ud835\uddfa \ud835\uddd5\ud835\uddff\ud835\ude02\ud835\ude05\ud835\uddf2\ud835\uddf9\ud835\uddee\ud835\ude00 e da aicep Portugal Global. A Ag\u00eancia de Desenvolvimento Regional do Alentejo, que disp\u00f5e j\u00e1 de uma representa\u00e7\u00e3o permanente em Bruxelas, atrav\u00e9s da European Association of Development Agencies, prepara-se para refor\u00e7ar a presen\u00e7a institucional da regi\u00e3o no centro da UE, representando \ud835\ude02\ud835\uddfa \ud835\uddf6\ud835\uddfa\ud835\uddfd\ud835\uddfc\ud835\uddff\ud835\ude01\ud835\uddee\ud835\uddfb\ud835\ude01\ud835\uddf2 \ud835\uddfa\ud835\uddee\ud835\uddff\ud835\uddf0\ud835\uddfc \ud835\uddfd\ud835\uddee\ud835\uddff\ud835\uddee \ud835\uddee \ud835\uddff\ud835\uddf2\ud835\uddf4\ud835\uddf6\ud835\uddee\u0303\ud835\uddfc, \ud835\uddfd\ud835\uddf2\ud835\uddf9\ud835\uddfc \ud835\uddee\ud835\ude02\ud835\uddfa\ud835\uddf2\ud835\uddfb\ud835\ude01\ud835\uddfc \ud835\uddf1\ud835\uddee \ud835\ude00\ud835\ude02\ud835\uddee \ud835\ude03\ud835\uddf6\ud835\ude00\ud835\uddf6\ud835\uddef\ud835\uddf6\ud835\uddf9\ud835\uddf6\ud835\uddf1\ud835\uddee\ud835\uddf1\ud835\uddf2 \ud835\uddf2 \ud835\uddfb\ud835\uddfc\ud835\ude01\ud835\uddfc\ud835\uddff\ud835\uddf6\ud835\uddf2\ud835\uddf1\ud835\uddee\ud835\uddf1\ud835\uddf2 \ud835\uddf7\ud835\ude02\ud835\uddfb\ud835\ude01\ud835\uddfc \ud835\uddf1\ud835\uddfc\ud835\ude00 \ud835\uddf4\ud835\uddff\ud835\uddee\ud835\uddfb\ud835\uddf1\ud835\uddf2\ud835\ude00 \ud835\uddf1\ud835\uddf2\ud835\uddf0\ud835\uddf6\ud835\ude00\ud835\uddfc\ud835\uddff\ud835\uddf2\ud835\ude00 \ud835\uddf2\ud835\ude02\ud835\uddff\ud835\uddfc\ud835\uddfd\ud835\uddf2\ud835\ude02\ud835\ude00<\/p>\n","protected":false},"excerpt":{"rendered":"<p>No dia 5 de junho, \ud835\uddd7\ud835\uddee\ud835\uddfb\ud835\uddf6\ud835\uddf2\ud835\uddf9 \ud835\udddd\ud835\uddee\ud835\uddfb\ud835\uddf2\ud835\uddf6\ud835\uddff\ud835\uddfc, C\ud835\ude30\ud835\ude30\ud835\ude33\ud835\ude25\ud835\ude26\ud835\ude2f\ud835\ude22\ud835\ude25\ud835\ude30\ud835\ude33 \ud835\ude25\ud835\ude30 \ud835\ude0b\ud835\ude26\ud835\ude31\ud835\ude22\ud835\ude33\ud835\ude35\ud835\ude22\ud835\ude2e\ud835\ude26\ud835\ude2f\ud835\ude35\ud835\ude30 \ud835\ude25\ud835\ude26 \ud835\ude19\ud835\ude26\ud835\ude2d\ud835\ude22\ud835\ude24\u0327\ud835\ude30\u0303\ud835\ude26\ud835\ude34 \ud835\ude10\ud835\ude2f\ud835\ude35\ud835\ude26\ud835\ude33\ud835\ude2f\ud835\ude22\ud835\ude24\ud835\ude2a\ud835\ude30\ud835\ude2f\ud835\ude22\ud835\ude2a\ud835\ude34 \ud835\ude25\ud835\ude22 \ud835\uddd4\ud835\uddd7\ud835\udde5\ud835\uddd4\ud835\udddf e Coordenador do Projeto Invest in Alentejo, concluiu a primeira miss\u00e3o de trabalhos preparat\u00f3rios no sentido de refor\u00e7ar a presen\u00e7a do Alentejo no cora\u00e7\u00e3o da Uni\u00e3o Europeia, junto da \ud835\uddd8\ud835\uddfa\ud835\uddef\ud835\uddee\ud835\uddf6\ud835\ude05\ud835\uddee\ud835\uddf1\ud835\uddee \ud835\uddf1\ud835\uddf2 \ud835\udde3\ud835\uddfc\ud835\uddff\ud835\ude01\ud835\ude02\ud835\uddf4\ud835\uddee\ud835\uddf9 \ud835\uddf2\ud835\uddfa \ud835\uddd5\ud835\uddff\ud835\ude02\ud835\ude05\ud835\uddf2\ud835\uddf9\ud835\uddee\ud835\ude00 e da aicep Portugal Global. A [&hellip;]<\/p>\n","protected":false},"author":1,"featured_media":1831,"comment_status":"closed","ping_status":"open","sticky":false,"template":"","format":"standard","meta":{"footnotes":""},"categories":[1],"tags":[],"class_list":["post-1817","post","type-post","status-publish","format-standard","has-post-thumbnail","hentry","category-sem-categoria"],"acf":[],"_links":{"self":[{"href":"https:\/\/investinalentejo.pt\/pt\/wp-json\/wp\/v2\/posts\/1817","targetHints":{"allow":["GET"]}}],"collection":[{"href":"https:\/\/investinalentejo.pt\/pt\/wp-json\/wp\/v2\/posts"}],"about":[{"href":"https:\/\/investinalentejo.pt\/pt\/wp-json\/wp\/v2\/types\/post"}],"author":[{"embeddable":true,"href":"https:\/\/investinalentejo.pt\/pt\/wp-json\/wp\/v2\/users\/1"}],"replies":[{"embeddable":true,"href":"https:\/\/investinalentejo.pt\/pt\/wp-json\/wp\/v2\/comments?post=1817"}],"version-history":[{"count":1,"href":"https:\/\/investinalentejo.pt\/pt\/wp-json\/wp\/v2\/posts\/1817\/revisions"}],"predecessor-version":[{"id":1818,"href":"https:\/\/investinalentejo.pt\/pt\/wp-json\/wp\/v2\/posts\/1817\/revisions\/1818"}],"wp:featuredmedia":[{"embeddable":true,"href":"https:\/\/investinalentejo.pt\/pt\/wp-json\/wp\/v2\/media\/1831"}],"wp:attachment":[{"href":"https:\/\/investinalentejo.pt\/pt\/wp-json\/wp\/v2\/media?parent=1817"}],"wp:term":[{"taxonomy":"category","embeddable":true,"href":"https:\/\/investinalentejo.pt\/pt\/wp-json\/wp\/v2\/categories?post=1817"},{"taxonomy":"post_tag","embeddable":true,"href":"https:\/\/investinalentejo.pt\/pt\/wp-json\/wp\/v2\/tags?post=1817"}],"curies":[{"name":"wp","href":"https:\/\/api.w.org\/{rel}","templated":true}]}}