{"id":1821,"date":"2023-05-11T15:11:00","date_gmt":"2023-05-11T15:11:00","guid":{"rendered":"http:\/\/investinalentejo.pt\/pt\/?p=1821"},"modified":"2023-08-04T10:42:39","modified_gmt":"2023-08-04T10:42:39","slug":"regiao-alentejo-e-zils-apresentam-se-numa-das-maiores-feiras-mundiais-do-setor-logistico","status":"publish","type":"post","link":"https:\/\/investinalentejo.pt\/pt\/regiao-alentejo-e-zils-apresentam-se-numa-das-maiores-feiras-mundiais-do-setor-logistico\/","title":{"rendered":"Regi\u00e3o Alentejo e ZILS apresentam-se numa das maiores feiras mundiais do setor log\u00edstico"},"content":{"rendered":"\n<p>A Transport Logistic 2023 tem sido palco da promo\u00e7\u00e3o do Alentejo enquanto regi\u00e3o com condi\u00e7\u00f5es favor\u00e1veis \u00e0 instala\u00e7\u00e3o de empresas de diferentes setores, pela sua proximidade ao Porto de Sines, boas acessibilidades \u00e0s restantes regi\u00f5es do pa\u00eds e posicionamento estrat\u00e9gico enquanto porta de entrada para o mercado europeu.<\/p>\n\n\n\n<p>As caracter\u00edsticas da ZILS &#8211; Zona Industrial e Log\u00edstica de Sines para o acolhimento de empresas dos setores presentes na feira s\u00e3o outro dos principais destaques da participa\u00e7\u00e3o neste evento que re\u00fane entidades reconhecidas da log\u00edstica, mobilidade, tecnologias de informa\u00e7\u00e3o e gest\u00e3o da cadeia de fornecimento.<\/p>\n","protected":false},"excerpt":{"rendered":"<p>A Transport Logistic 2023 tem sido palco da promo\u00e7\u00e3o do Alentejo enquanto regi\u00e3o com condi\u00e7\u00f5es favor\u00e1veis \u00e0 instala\u00e7\u00e3o de empresas de diferentes setores, pela sua proximidade ao Porto de Sines, boas acessibilidades \u00e0s restantes regi\u00f5es do pa\u00eds e posicionamento estrat\u00e9gico enquanto porta de entrada para o mercado europeu. As caracter\u00edsticas da ZILS &#8211; Zona Industrial [&hellip;]<\/p>\n","protected":false},"author":1,"featured_media":1828,"comment_status":"closed","ping_status":"open","sticky":false,"template":"","format":"standard","meta":{"footnotes":""},"categories":[1],"tags":[],"class_list":["post-1821","post","type-post","status-publish","format-standard","has-post-thumbnail","hentry","category-sem-categoria"],"acf":[],"_links":{"self":[{"href":"https:\/\/investinalentejo.pt\/pt\/wp-json\/wp\/v2\/posts\/1821","targetHints":{"allow":["GET"]}}],"collection":[{"href":"https:\/\/investinalentejo.pt\/pt\/wp-json\/wp\/v2\/posts"}],"about":[{"href":"https:\/\/investinalentejo.pt\/pt\/wp-json\/wp\/v2\/types\/post"}],"author":[{"embeddable":true,"href":"https:\/\/investinalentejo.pt\/pt\/wp-json\/wp\/v2\/users\/1"}],"replies":[{"embeddable":true,"href":"https:\/\/investinalentejo.pt\/pt\/wp-json\/wp\/v2\/comments?post=1821"}],"version-history":[{"count":1,"href":"https:\/\/investinalentejo.pt\/pt\/wp-json\/wp\/v2\/posts\/1821\/revisions"}],"predecessor-version":[{"id":1822,"href":"https:\/\/investinalentejo.pt\/pt\/wp-json\/wp\/v2\/posts\/1821\/revisions\/1822"}],"wp:featuredmedia":[{"embeddable":true,"href":"https:\/\/investinalentejo.pt\/pt\/wp-json\/wp\/v2\/media\/1828"}],"wp:attachment":[{"href":"https:\/\/investinalentejo.pt\/pt\/wp-json\/wp\/v2\/media?parent=1821"}],"wp:term":[{"taxonomy":"category","embeddable":true,"href":"https:\/\/investinalentejo.pt\/pt\/wp-json\/wp\/v2\/categories?post=1821"},{"taxonomy":"post_tag","embeddable":true,"href":"https:\/\/investinalentejo.pt\/pt\/wp-json\/wp\/v2\/tags?post=1821"}],"curies":[{"name":"wp","href":"https:\/\/api.w.org\/{rel}","templated":true}]}}