{"id":613,"date":"2022-11-30T20:50:27","date_gmt":"2022-11-30T20:50:27","guid":{"rendered":"http:\/\/investinalentejo.pt\/pt\/?p=613"},"modified":"2022-12-10T23:33:37","modified_gmt":"2022-12-10T23:33:37","slug":"invest-in-alentejo-e-aicep-global-parques-marcam-presenca-na-european-industry-energy-summit-2022","status":"publish","type":"post","link":"https:\/\/investinalentejo.pt\/pt\/invest-in-alentejo-e-aicep-global-parques-marcam-presenca-na-european-industry-energy-summit-2022\/","title":{"rendered":"Invest in Alentejo e aicep Global Parques marcam presen\u00e7a na European Industry &amp; Energy Summit 2022"},"content":{"rendered":"\n<p>Entre os dias 29 e 30 de novembro estaremos presentes na European Industry &amp; Energy Summit 2022, no Brightlands Chemelot Campus, nos Pa\u00edses Baixos, em parceria com a aicep Global Parques, para promo\u00e7\u00e3o da ZILS &#8211; Zona Industrial e Log\u00edstica de Sines, junto dos principais atores dos setores da ind\u00fastria e energia na Europa.<\/p>\n\n\n\n<p>Esta \u00e9 uma cimeira centrada na transi\u00e7\u00e3o energ\u00e9tica e que integramos atrav\u00e9s de a\u00e7\u00f5es de benchmarking e da participa\u00e7\u00e3o de Miguel Borralho, Diretor da ZILS &#8211; Zona Industrial e Log\u00edstica de Sines, como orador num painel focado na acelera\u00e7\u00e3o do processo de transi\u00e7\u00e3o de mat\u00e9ria prima, que re\u00fane representantes de alguns dos principais clusters industriais a n\u00edvel europeu. A participa\u00e7\u00e3o na cimeira, em parceria com a aicep Global Parques, integra a iniciativa Invest in Alentejo, promovida pela ADRAL &#8211; Ag\u00eancia de Desenvolvimento Regional do Alentejo.<\/p>\n","protected":false},"excerpt":{"rendered":"<p>Entre os dias 29 e 30 de novembro estaremos presentes na European Industry &amp; Energy Summit 2022, no Brightlands Chemelot Campus, nos Pa\u00edses Baixos, em parceria com a aicep Global Parques, para promo\u00e7\u00e3o da ZILS &#8211; Zona Industrial e Log\u00edstica de Sines, junto dos principais atores dos setores da ind\u00fastria e energia na Europa. Esta [&hellip;]<\/p>\n","protected":false},"author":1,"featured_media":756,"comment_status":"closed","ping_status":"open","sticky":false,"template":"","format":"standard","meta":{"footnotes":""},"categories":[1],"tags":[],"class_list":["post-613","post","type-post","status-publish","format-standard","has-post-thumbnail","hentry","category-sem-categoria"],"acf":[],"_links":{"self":[{"href":"https:\/\/investinalentejo.pt\/pt\/wp-json\/wp\/v2\/posts\/613","targetHints":{"allow":["GET"]}}],"collection":[{"href":"https:\/\/investinalentejo.pt\/pt\/wp-json\/wp\/v2\/posts"}],"about":[{"href":"https:\/\/investinalentejo.pt\/pt\/wp-json\/wp\/v2\/types\/post"}],"author":[{"embeddable":true,"href":"https:\/\/investinalentejo.pt\/pt\/wp-json\/wp\/v2\/users\/1"}],"replies":[{"embeddable":true,"href":"https:\/\/investinalentejo.pt\/pt\/wp-json\/wp\/v2\/comments?post=613"}],"version-history":[{"count":3,"href":"https:\/\/investinalentejo.pt\/pt\/wp-json\/wp\/v2\/posts\/613\/revisions"}],"predecessor-version":[{"id":716,"href":"https:\/\/investinalentejo.pt\/pt\/wp-json\/wp\/v2\/posts\/613\/revisions\/716"}],"wp:featuredmedia":[{"embeddable":true,"href":"https:\/\/investinalentejo.pt\/pt\/wp-json\/wp\/v2\/media\/756"}],"wp:attachment":[{"href":"https:\/\/investinalentejo.pt\/pt\/wp-json\/wp\/v2\/media?parent=613"}],"wp:term":[{"taxonomy":"category","embeddable":true,"href":"https:\/\/investinalentejo.pt\/pt\/wp-json\/wp\/v2\/categories?post=613"},{"taxonomy":"post_tag","embeddable":true,"href":"https:\/\/investinalentejo.pt\/pt\/wp-json\/wp\/v2\/tags?post=613"}],"curies":[{"name":"wp","href":"https:\/\/api.w.org\/{rel}","templated":true}]}}