{"id":617,"date":"2022-11-20T20:52:20","date_gmt":"2022-11-20T20:52:20","guid":{"rendered":"http:\/\/investinalentejo.pt\/pt\/?p=617"},"modified":"2022-12-10T23:36:28","modified_gmt":"2022-12-10T23:36:28","slug":"invest-in-alentejo-viaja-ate-aos-paises-baixos-para-uma-troca-de-conhecimentos-acerca-de-transicao-energetica","status":"publish","type":"post","link":"https:\/\/investinalentejo.pt\/pt\/invest-in-alentejo-viaja-ate-aos-paises-baixos-para-uma-troca-de-conhecimentos-acerca-de-transicao-energetica\/","title":{"rendered":"Invest in Alentejo viaja at\u00e9 aos Pa\u00edses Baixos para uma troca de conhecimentos acerca de transi\u00e7\u00e3o energ\u00e9tica"},"content":{"rendered":"\n<p>No \u00e2mbito da iniciativa Invest in Alentejo, no passado dia 19 de outubro, uma comitiva da aicep Global Parques, visitou o Parque Industrial de Chemelot, nos Pa\u00edses Baixos.<\/p>\n\n\n\n<p>A comitiva, constitu\u00edda pela Vice-Presidente e o Administrador da aicep Global Parques, Isabel Caldeira Cardoso e Miguel Gama, e respetiva equipa t\u00e9cnica e de neg\u00f3cio, teve oportunidade de reunir com a equipa de gest\u00e3o deste Parque Industrial, numa perspetiva de partilha de boas pr\u00e1ticas, de aprendizagem &#8211; como ultrapassar obst\u00e1culos e de como implementar os novos contextos de transi\u00e7\u00e3o energ\u00e9tica. Foi tamb\u00e9m realizada uma visita ao parque e \u00e0s suas infraestruturas mais relevantes.<\/p>\n\n\n\n<p>Trata-se de um parque que aposta na economia circular e sustentabilidade e que pertence a um cluster que representa 40% da ind\u00fastria qu\u00edmica europeia.<\/p>\n\n\n\n<p>Desta visita, resulta o in\u00edcio de uma colabora\u00e7\u00e3o entre a gest\u00e3o da aicep Global Parques e a de Chemelot de forma a serem partilhadas as melhores \u201cbest practices\u201d.<\/p>\n","protected":false},"excerpt":{"rendered":"<p>No \u00e2mbito da iniciativa Invest in Alentejo, no passado dia 19 de outubro, uma comitiva da aicep Global Parques, visitou o Parque Industrial de Chemelot, nos Pa\u00edses Baixos. A comitiva, constitu\u00edda pela Vice-Presidente e o Administrador da aicep Global Parques, Isabel Caldeira Cardoso e Miguel Gama, e respetiva equipa t\u00e9cnica e de neg\u00f3cio, teve oportunidade [&hellip;]<\/p>\n","protected":false},"author":1,"featured_media":758,"comment_status":"closed","ping_status":"open","sticky":false,"template":"","format":"standard","meta":{"footnotes":""},"categories":[1],"tags":[],"class_list":["post-617","post","type-post","status-publish","format-standard","has-post-thumbnail","hentry","category-sem-categoria"],"acf":[],"_links":{"self":[{"href":"https:\/\/investinalentejo.pt\/pt\/wp-json\/wp\/v2\/posts\/617","targetHints":{"allow":["GET"]}}],"collection":[{"href":"https:\/\/investinalentejo.pt\/pt\/wp-json\/wp\/v2\/posts"}],"about":[{"href":"https:\/\/investinalentejo.pt\/pt\/wp-json\/wp\/v2\/types\/post"}],"author":[{"embeddable":true,"href":"https:\/\/investinalentejo.pt\/pt\/wp-json\/wp\/v2\/users\/1"}],"replies":[{"embeddable":true,"href":"https:\/\/investinalentejo.pt\/pt\/wp-json\/wp\/v2\/comments?post=617"}],"version-history":[{"count":2,"href":"https:\/\/investinalentejo.pt\/pt\/wp-json\/wp\/v2\/posts\/617\/revisions"}],"predecessor-version":[{"id":655,"href":"https:\/\/investinalentejo.pt\/pt\/wp-json\/wp\/v2\/posts\/617\/revisions\/655"}],"wp:featuredmedia":[{"embeddable":true,"href":"https:\/\/investinalentejo.pt\/pt\/wp-json\/wp\/v2\/media\/758"}],"wp:attachment":[{"href":"https:\/\/investinalentejo.pt\/pt\/wp-json\/wp\/v2\/media?parent=617"}],"wp:term":[{"taxonomy":"category","embeddable":true,"href":"https:\/\/investinalentejo.pt\/pt\/wp-json\/wp\/v2\/categories?post=617"},{"taxonomy":"post_tag","embeddable":true,"href":"https:\/\/investinalentejo.pt\/pt\/wp-json\/wp\/v2\/tags?post=617"}],"curies":[{"name":"wp","href":"https:\/\/api.w.org\/{rel}","templated":true}]}}