{"id":621,"date":"2022-10-13T19:53:00","date_gmt":"2022-10-13T19:53:00","guid":{"rendered":"http:\/\/investinalentejo.pt\/pt\/?p=621"},"modified":"2022-12-10T23:36:40","modified_gmt":"2022-12-10T23:36:40","slug":"invest-in-alentejo-em-destaque-no-portugal-air-summit-2022","status":"publish","type":"post","link":"https:\/\/investinalentejo.pt\/pt\/invest-in-alentejo-em-destaque-no-portugal-air-summit-2022\/","title":{"rendered":"Invest in Alentejo em destaque no Portugal Air Summit 2022"},"content":{"rendered":"\n<p>A iniciativa Invest in Alentejo participa, pelo 5\u00ba ano consecutivo, no Portugal Air Summit.<\/p>\n\n\n\n<p>Para al\u00e9m de presen\u00e7a f\u00edsica atrav\u00e9s de stand institucional, no primeiro dia do evento, o Presidente do Conselho de Administra\u00e7\u00e3o da ADRAL, Jo\u00e3o Maria Grilo, foi um dos keynote speakers convidados para o ciclo de confer\u00eancias.<\/p>\n\n\n\n<p>As caracter\u00edsticas \u00fanicas do territ\u00f3rio Alentejo, como a sua localiza\u00e7\u00e3o privilegiada na costa atl\u00e2ntica da Europa, recursos naturais e a liga\u00e7\u00e3o aos mercados de express\u00e3o portuguesa e europeu, foram os pontos altos da interven\u00e7\u00e3o de Jo\u00e3o Maria Grilo, a par da apresenta\u00e7\u00e3o da iniciativa Invest in Alentejo, na maior cimeira aeron\u00e1utica da Pen\u00ednsula Ib\u00e9rica, Portugal Air Summit `22, que decorre at\u00e9 dia 15 de outubro, no Munic\u00edpio Ponte de Sor. Na sua interven\u00e7\u00e3o elogiou a import\u00e2ncia da presente cimeira como \u201co melhor exemplo de como o Alentejo tem a capacidade de atrair investimento, conhecimento e pessoas que ajudam a alavancar o crescimento do territ\u00f3rio do Alentejo\u201d.<\/p>\n","protected":false},"excerpt":{"rendered":"<p>A iniciativa Invest in Alentejo participa, pelo 5\u00ba ano consecutivo, no Portugal Air Summit. Para al\u00e9m de presen\u00e7a f\u00edsica atrav\u00e9s de stand institucional, no primeiro dia do evento, o Presidente do Conselho de Administra\u00e7\u00e3o da ADRAL, Jo\u00e3o Maria Grilo, foi um dos keynote speakers convidados para o ciclo de confer\u00eancias. As caracter\u00edsticas \u00fanicas do territ\u00f3rio [&hellip;]<\/p>\n","protected":false},"author":1,"featured_media":760,"comment_status":"closed","ping_status":"open","sticky":false,"template":"","format":"standard","meta":{"footnotes":""},"categories":[1],"tags":[],"class_list":["post-621","post","type-post","status-publish","format-standard","has-post-thumbnail","hentry","category-sem-categoria"],"acf":[],"_links":{"self":[{"href":"https:\/\/investinalentejo.pt\/pt\/wp-json\/wp\/v2\/posts\/621","targetHints":{"allow":["GET"]}}],"collection":[{"href":"https:\/\/investinalentejo.pt\/pt\/wp-json\/wp\/v2\/posts"}],"about":[{"href":"https:\/\/investinalentejo.pt\/pt\/wp-json\/wp\/v2\/types\/post"}],"author":[{"embeddable":true,"href":"https:\/\/investinalentejo.pt\/pt\/wp-json\/wp\/v2\/users\/1"}],"replies":[{"embeddable":true,"href":"https:\/\/investinalentejo.pt\/pt\/wp-json\/wp\/v2\/comments?post=621"}],"version-history":[{"count":2,"href":"https:\/\/investinalentejo.pt\/pt\/wp-json\/wp\/v2\/posts\/621\/revisions"}],"predecessor-version":[{"id":657,"href":"https:\/\/investinalentejo.pt\/pt\/wp-json\/wp\/v2\/posts\/621\/revisions\/657"}],"wp:featuredmedia":[{"embeddable":true,"href":"https:\/\/investinalentejo.pt\/pt\/wp-json\/wp\/v2\/media\/760"}],"wp:attachment":[{"href":"https:\/\/investinalentejo.pt\/pt\/wp-json\/wp\/v2\/media?parent=621"}],"wp:term":[{"taxonomy":"category","embeddable":true,"href":"https:\/\/investinalentejo.pt\/pt\/wp-json\/wp\/v2\/categories?post=621"},{"taxonomy":"post_tag","embeddable":true,"href":"https:\/\/investinalentejo.pt\/pt\/wp-json\/wp\/v2\/tags?post=621"}],"curies":[{"name":"wp","href":"https:\/\/api.w.org\/{rel}","templated":true}]}}