{"id":623,"date":"2022-09-07T19:53:00","date_gmt":"2022-09-07T19:53:00","guid":{"rendered":"http:\/\/investinalentejo.pt\/pt\/?p=623"},"modified":"2022-12-10T23:39:41","modified_gmt":"2022-12-10T23:39:41","slug":"sines-hydrogen-valley-apresentado-na-gastech-2022","status":"publish","type":"post","link":"https:\/\/investinalentejo.pt\/pt\/sines-hydrogen-valley-apresentado-na-gastech-2022\/","title":{"rendered":"Sines Hydrogen Valley apresentado na Gastech 2022"},"content":{"rendered":"\n<p>Filipe Costa, do ??? da aicep Global Parques, participa hoje como orador no painel \u201c<em>Transi\u00e7\u00e3o Energ\u00e9tica: apresenta\u00e7\u00e3o de projetos regionais<\/em>\u201d \u00e0s 17h00, na Gastech 2022. A sua interven\u00e7\u00e3o centrar-se-\u00e1 na apresenta\u00e7\u00e3o do Sines Hydrogen Valley, a ser desenvolvido na ZILS &#8211; Zona Industrial e Logistica de Sines, mostrando a import\u00e2ncia e mais valias do hub \u201c<em>Energia<\/em> <em>Sul<\/em>\u201d na lideran\u00e7a da transi\u00e7\u00e3o energ\u00e9tica em Portugal, e projetando o seu potencial estrat\u00e9gico na seguran\u00e7a energ\u00e9tica e descarboniza\u00e7\u00e3o da Europa.<\/p>\n","protected":false},"excerpt":{"rendered":"<p>Filipe Costa, do ??? da aicep Global Parques, participa hoje como orador no painel \u201cTransi\u00e7\u00e3o Energ\u00e9tica: apresenta\u00e7\u00e3o de projetos regionais\u201d \u00e0s 17h00, na Gastech 2022. A sua interven\u00e7\u00e3o centrar-se-\u00e1 na apresenta\u00e7\u00e3o do Sines Hydrogen Valley, a ser desenvolvido na ZILS &#8211; Zona Industrial e Logistica de Sines, mostrando a import\u00e2ncia e mais valias do hub [&hellip;]<\/p>\n","protected":false},"author":1,"featured_media":762,"comment_status":"closed","ping_status":"open","sticky":false,"template":"","format":"standard","meta":{"footnotes":""},"categories":[1],"tags":[],"class_list":["post-623","post","type-post","status-publish","format-standard","has-post-thumbnail","hentry","category-sem-categoria"],"acf":[],"_links":{"self":[{"href":"https:\/\/investinalentejo.pt\/pt\/wp-json\/wp\/v2\/posts\/623","targetHints":{"allow":["GET"]}}],"collection":[{"href":"https:\/\/investinalentejo.pt\/pt\/wp-json\/wp\/v2\/posts"}],"about":[{"href":"https:\/\/investinalentejo.pt\/pt\/wp-json\/wp\/v2\/types\/post"}],"author":[{"embeddable":true,"href":"https:\/\/investinalentejo.pt\/pt\/wp-json\/wp\/v2\/users\/1"}],"replies":[{"embeddable":true,"href":"https:\/\/investinalentejo.pt\/pt\/wp-json\/wp\/v2\/comments?post=623"}],"version-history":[{"count":2,"href":"https:\/\/investinalentejo.pt\/pt\/wp-json\/wp\/v2\/posts\/623\/revisions"}],"predecessor-version":[{"id":658,"href":"https:\/\/investinalentejo.pt\/pt\/wp-json\/wp\/v2\/posts\/623\/revisions\/658"}],"wp:featuredmedia":[{"embeddable":true,"href":"https:\/\/investinalentejo.pt\/pt\/wp-json\/wp\/v2\/media\/762"}],"wp:attachment":[{"href":"https:\/\/investinalentejo.pt\/pt\/wp-json\/wp\/v2\/media?parent=623"}],"wp:term":[{"taxonomy":"category","embeddable":true,"href":"https:\/\/investinalentejo.pt\/pt\/wp-json\/wp\/v2\/categories?post=623"},{"taxonomy":"post_tag","embeddable":true,"href":"https:\/\/investinalentejo.pt\/pt\/wp-json\/wp\/v2\/tags?post=623"}],"curies":[{"name":"wp","href":"https:\/\/api.w.org\/{rel}","templated":true}]}}