{"id":629,"date":"2022-08-02T19:55:00","date_gmt":"2022-08-02T19:55:00","guid":{"rendered":"http:\/\/investinalentejo.pt\/pt\/?p=629"},"modified":"2022-12-10T23:45:57","modified_gmt":"2022-12-10T23:45:57","slug":"eixo-de-portos-e-logistica-da-iniciativa-invest-in-alentejo-presente-na-japan-energy-summit-2022","status":"publish","type":"post","link":"https:\/\/investinalentejo.pt\/pt\/eixo-de-portos-e-logistica-da-iniciativa-invest-in-alentejo-presente-na-japan-energy-summit-2022\/","title":{"rendered":"Eixo de Portos e Log\u00edstica da iniciativa Invest in Alentejo presente na Japan Energy Summit 2022"},"content":{"rendered":"\n<p>O eixo de Portos e Log\u00edstica Invest in Alentejo, liderado pela aicep Global Parques da ADRAL &#8211; Ag\u00eancia de Desenvolvimento Regional do Alentejo, estar\u00e1 presente em T\u00f3quio, na Japan Energy Summit 2022, de 2 e 4 de agosto.<\/p>\n\n\n\n<p>A Japan Energy Summit \u00e9 um encontro mundial sobre energia focada no com\u00e9rcio transoce\u00e2nico de g\u00e1s natural e gases renov\u00e1veis (NH3 \u2013 Am\u00f3nia e H2- Hidrog\u00e9nio), \u00e1reas onde o Complexo Portu\u00e1rio, Log\u00edstico e Industrial de Sines corporiza a prioridade nacional portuguesa de transi\u00e7\u00e3o energ\u00e9tica. Esta cimeira tem um programa alinhado com a concretiza\u00e7\u00e3o da transi\u00e7\u00e3o verde prevista no plano estrat\u00e9gico do porto de Sines. Filipe Costa, presidente da comiss\u00e3o executiva da aicep Global Parques participa hoje como orador na sess\u00e3o das 16.15h intitulada The European Model: Hydrogen Front and Centre for Energy Transition que abordar\u00e1 temas relacionados com os projetos piloto de hidrog\u00e9nio na Europa, quadros regulamentares na \u00e1rea da energia, bem como pol\u00edticas de incentivo dos diferentes pa\u00edses. A mesa redonda falar\u00e1 das estrat\u00e9gias de transi\u00e7\u00e3o energ\u00e9tica na Europa e das metas para a transi\u00e7\u00e3o em 2050. Em debate estar\u00e1 ainda a lideran\u00e7a tecnol\u00f3gica do Jap\u00e3o e da Europa e os fatores chave para desenvolver estrat\u00e9gias colaborativas para atingir as metas e emiss\u00f5es zero<\/p>\n","protected":false},"excerpt":{"rendered":"<p>O eixo de Portos e Log\u00edstica Invest in Alentejo, liderado pela aicep Global Parques da ADRAL &#8211; Ag\u00eancia de Desenvolvimento Regional do Alentejo, estar\u00e1 presente em T\u00f3quio, na Japan Energy Summit 2022, de 2 e 4 de agosto. A Japan Energy Summit \u00e9 um encontro mundial sobre energia focada no com\u00e9rcio transoce\u00e2nico de g\u00e1s natural [&hellip;]<\/p>\n","protected":false},"author":1,"featured_media":776,"comment_status":"closed","ping_status":"open","sticky":false,"template":"","format":"standard","meta":{"footnotes":""},"categories":[1],"tags":[],"class_list":["post-629","post","type-post","status-publish","format-standard","has-post-thumbnail","hentry","category-sem-categoria"],"acf":[],"_links":{"self":[{"href":"https:\/\/investinalentejo.pt\/pt\/wp-json\/wp\/v2\/posts\/629","targetHints":{"allow":["GET"]}}],"collection":[{"href":"https:\/\/investinalentejo.pt\/pt\/wp-json\/wp\/v2\/posts"}],"about":[{"href":"https:\/\/investinalentejo.pt\/pt\/wp-json\/wp\/v2\/types\/post"}],"author":[{"embeddable":true,"href":"https:\/\/investinalentejo.pt\/pt\/wp-json\/wp\/v2\/users\/1"}],"replies":[{"embeddable":true,"href":"https:\/\/investinalentejo.pt\/pt\/wp-json\/wp\/v2\/comments?post=629"}],"version-history":[{"count":2,"href":"https:\/\/investinalentejo.pt\/pt\/wp-json\/wp\/v2\/posts\/629\/revisions"}],"predecessor-version":[{"id":663,"href":"https:\/\/investinalentejo.pt\/pt\/wp-json\/wp\/v2\/posts\/629\/revisions\/663"}],"wp:featuredmedia":[{"embeddable":true,"href":"https:\/\/investinalentejo.pt\/pt\/wp-json\/wp\/v2\/media\/776"}],"wp:attachment":[{"href":"https:\/\/investinalentejo.pt\/pt\/wp-json\/wp\/v2\/media?parent=629"}],"wp:term":[{"taxonomy":"category","embeddable":true,"href":"https:\/\/investinalentejo.pt\/pt\/wp-json\/wp\/v2\/categories?post=629"},{"taxonomy":"post_tag","embeddable":true,"href":"https:\/\/investinalentejo.pt\/pt\/wp-json\/wp\/v2\/tags?post=629"}],"curies":[{"name":"wp","href":"https:\/\/api.w.org\/{rel}","templated":true}]}}