{"id":631,"date":"2022-07-18T19:55:00","date_gmt":"2022-07-18T19:55:00","guid":{"rendered":"http:\/\/investinalentejo.pt\/pt\/?p=631"},"modified":"2022-12-10T23:46:35","modified_gmt":"2022-12-10T23:46:35","slug":"invest-in-alentejo-aterra-no-farnborough-international-airshow-2022","status":"publish","type":"post","link":"https:\/\/investinalentejo.pt\/pt\/invest-in-alentejo-aterra-no-farnborough-international-airshow-2022\/","title":{"rendered":"Invest in Alentejo aterra no Farnborough International Airshow 2022"},"content":{"rendered":"\n<p>J\u00e1 aterramos na Farnborough International Airshow 2022 e estamos representados no stand de Portugal, juntamente com o Munic\u00edpio Ponte de Sor, l\u00edder do eixo da aeron\u00e1utica, da AED Cluster Portugal e da OGMA-Ind\u00fastria Aeron\u00e1utica de Portugal, S.A.<\/p>\n\n\n\n<p>Hoje, no \u00e2mbito do \u201cPortugal Day\u201d, patrocinado pela aicep Portugal Global, teve lugar a assinatura de um protocolo entre AED e o ADS Group Ltd &#8211; Aerospace, Defence, Security &amp; Space, organiza\u00e7\u00e3o comercial que representa as ind\u00fastrias aeroespacial, defesa, seguran\u00e7a e espa\u00e7o no Reino Unido, com o objetivo promover sinergias entre empresas do setor de ambos os pa\u00edses.<\/p>\n\n\n\n<p>A import\u00e2ncia estrat\u00e9gica dos setores da aeron\u00e1utica, avia\u00e7\u00e3o e espa\u00e7o para a atra\u00e7\u00e3o de investimento para a regi\u00e3o Alentejo estar\u00e1 em destaque, com a presen\u00e7a do Presidente de Ponte de Sor, Hugo Pereira Hil\u00e1rio, e Vice-presidente, Rog\u00e9rio Alves, que apoiar\u00e3o a dinamiza\u00e7\u00e3o do cluster junto de diversas empresas e entidades internacionais.<\/p>\n\n\n\n<p>O Munic\u00edpio Ponte de Sor assumiu, em abril de 2021, a lideran\u00e7a do desenvolvimento do eixo da promo\u00e7\u00e3o internacional do setor Aeron\u00e1utico da iniciativa Invest in Alentejo, liderada pela ADRAL &#8211; Ag\u00eancia de Desenvolvimento Regional do Alentejo, que conta tamb\u00e9m com diversas empresas destes setores localizadas Beja, \u00c9vora e Gr\u00e2ndola. Esta responsabilidade \u00e9 assumida pela autarquia no contexto econ\u00f3mico e empresarial que tem vindo a fomentar e potenciar nos setores aeron\u00e1utico e aeroespacial.<\/p>\n","protected":false},"excerpt":{"rendered":"<p>J\u00e1 aterramos na Farnborough International Airshow 2022 e estamos representados no stand de Portugal, juntamente com o Munic\u00edpio Ponte de Sor, l\u00edder do eixo da aeron\u00e1utica, da AED Cluster Portugal e da OGMA-Ind\u00fastria Aeron\u00e1utica de Portugal, S.A. Hoje, no \u00e2mbito do \u201cPortugal Day\u201d, patrocinado pela aicep Portugal Global, teve lugar a assinatura de um protocolo [&hellip;]<\/p>\n","protected":false},"author":1,"featured_media":777,"comment_status":"closed","ping_status":"open","sticky":false,"template":"","format":"standard","meta":{"footnotes":""},"categories":[1],"tags":[],"class_list":["post-631","post","type-post","status-publish","format-standard","has-post-thumbnail","hentry","category-sem-categoria"],"acf":[],"_links":{"self":[{"href":"https:\/\/investinalentejo.pt\/pt\/wp-json\/wp\/v2\/posts\/631","targetHints":{"allow":["GET"]}}],"collection":[{"href":"https:\/\/investinalentejo.pt\/pt\/wp-json\/wp\/v2\/posts"}],"about":[{"href":"https:\/\/investinalentejo.pt\/pt\/wp-json\/wp\/v2\/types\/post"}],"author":[{"embeddable":true,"href":"https:\/\/investinalentejo.pt\/pt\/wp-json\/wp\/v2\/users\/1"}],"replies":[{"embeddable":true,"href":"https:\/\/investinalentejo.pt\/pt\/wp-json\/wp\/v2\/comments?post=631"}],"version-history":[{"count":2,"href":"https:\/\/investinalentejo.pt\/pt\/wp-json\/wp\/v2\/posts\/631\/revisions"}],"predecessor-version":[{"id":662,"href":"https:\/\/investinalentejo.pt\/pt\/wp-json\/wp\/v2\/posts\/631\/revisions\/662"}],"wp:featuredmedia":[{"embeddable":true,"href":"https:\/\/investinalentejo.pt\/pt\/wp-json\/wp\/v2\/media\/777"}],"wp:attachment":[{"href":"https:\/\/investinalentejo.pt\/pt\/wp-json\/wp\/v2\/media?parent=631"}],"wp:term":[{"taxonomy":"category","embeddable":true,"href":"https:\/\/investinalentejo.pt\/pt\/wp-json\/wp\/v2\/categories?post=631"},{"taxonomy":"post_tag","embeddable":true,"href":"https:\/\/investinalentejo.pt\/pt\/wp-json\/wp\/v2\/tags?post=631"}],"curies":[{"name":"wp","href":"https:\/\/api.w.org\/{rel}","templated":true}]}}