{"id":637,"date":"2022-06-21T19:57:00","date_gmt":"2022-06-21T19:57:00","guid":{"rendered":"http:\/\/investinalentejo.pt\/pt\/?p=637"},"modified":"2022-12-10T23:49:06","modified_gmt":"2022-12-10T23:49:06","slug":"sines-tech-em-destaque-no-cc-submarine-summit-2022","status":"publish","type":"post","link":"https:\/\/investinalentejo.pt\/pt\/sines-tech-em-destaque-no-cc-submarine-summit-2022\/","title":{"rendered":"Sines Tech em destaque no CC-Submarine Summit 2022"},"content":{"rendered":"\n<p>No \u00e2mbito do projeto Invest in Alentejo, e numa parceria com a ADRAL &#8211; Ag\u00eancia de Desenvolvimento Regional do Alentejo, a aicep Global Parques marcou presen\u00e7a no CC-Submarine 2022 Summit.<\/p>\n\n\n\n<p>O CC-Submarine 2022 Summit \u00e9 a cimeira anual especializada da Carrier Community (CC), que re\u00fane os principais players globais da \u00e1rea dos cabos submarinos de \u00c1frica, Am\u00e9rica Latina, Europa e outras partes do mundo em Lisboa.<\/p>\n\n\n\n<p>Durante a Cimeira, especialistas do setor abordaram e discutiram as \u00faltimas tend\u00eancias de mercado relacionadas ao ecossistema submarino, compartilhando conhecimento, rede e apresentando solu\u00e7\u00f5es.<\/p>\n\n\n\n<p>Filipe Costa, CEO da aicep Global Parques, apresentou ontem o Sines Tech Innovation &amp; Data Center Hub \u2013 o novo p\u00f3lo tecnol\u00f3gico em Sines para a instala\u00e7\u00e3o de esta\u00e7\u00f5es de amarra\u00e7\u00e3o de cabos e de data centers no webinar The role of Data Centers to meet future demand na CC Submarine Summit 2022.<\/p>\n\n\n\n<p>A iniciativa Invest in Alentejo \u00e9 cofinanciada pelo Sistema de Apoio a A\u00e7\u00f5es Coletivas (SIAC), com enquadramento no Programa Operacional Regional do Alentejo 2014-2020 (ALENTEJO 2020). Visa implementar a\u00e7\u00f5es concretas que est\u00e3o desde j\u00e1 contempladas no plano de execu\u00e7\u00e3o assinado com a ADRAL e restantes parceiros estrat\u00e9gicos, para atingir objetivos como por exemplo: aumentar o reconhecimento internacional dos setores estrat\u00e9gicos do Alentejo; promover internacionalmente o potencial regional atrav\u00e9s das suas infraestruturas; fortalecer internacionalmente os sectores econ\u00f3micos existentes no Alentejo; incrementar os processos de internacionaliza\u00e7\u00e3o das empresas; e aumentar o reconhecimento internacional dos produtos e servi\u00e7os, entre outros.<\/p>\n","protected":false},"excerpt":{"rendered":"<p>No \u00e2mbito do projeto Invest in Alentejo, e numa parceria com a ADRAL &#8211; Ag\u00eancia de Desenvolvimento Regional do Alentejo, a aicep Global Parques marcou presen\u00e7a no CC-Submarine 2022 Summit. O CC-Submarine 2022 Summit \u00e9 a cimeira anual especializada da Carrier Community (CC), que re\u00fane os principais players globais da \u00e1rea dos cabos submarinos de [&hellip;]<\/p>\n","protected":false},"author":1,"featured_media":779,"comment_status":"closed","ping_status":"open","sticky":false,"template":"","format":"standard","meta":{"footnotes":""},"categories":[1],"tags":[],"class_list":["post-637","post","type-post","status-publish","format-standard","has-post-thumbnail","hentry","category-sem-categoria"],"acf":[],"_links":{"self":[{"href":"https:\/\/investinalentejo.pt\/pt\/wp-json\/wp\/v2\/posts\/637","targetHints":{"allow":["GET"]}}],"collection":[{"href":"https:\/\/investinalentejo.pt\/pt\/wp-json\/wp\/v2\/posts"}],"about":[{"href":"https:\/\/investinalentejo.pt\/pt\/wp-json\/wp\/v2\/types\/post"}],"author":[{"embeddable":true,"href":"https:\/\/investinalentejo.pt\/pt\/wp-json\/wp\/v2\/users\/1"}],"replies":[{"embeddable":true,"href":"https:\/\/investinalentejo.pt\/pt\/wp-json\/wp\/v2\/comments?post=637"}],"version-history":[{"count":2,"href":"https:\/\/investinalentejo.pt\/pt\/wp-json\/wp\/v2\/posts\/637\/revisions"}],"predecessor-version":[{"id":661,"href":"https:\/\/investinalentejo.pt\/pt\/wp-json\/wp\/v2\/posts\/637\/revisions\/661"}],"wp:featuredmedia":[{"embeddable":true,"href":"https:\/\/investinalentejo.pt\/pt\/wp-json\/wp\/v2\/media\/779"}],"wp:attachment":[{"href":"https:\/\/investinalentejo.pt\/pt\/wp-json\/wp\/v2\/media?parent=637"}],"wp:term":[{"taxonomy":"category","embeddable":true,"href":"https:\/\/investinalentejo.pt\/pt\/wp-json\/wp\/v2\/categories?post=637"},{"taxonomy":"post_tag","embeddable":true,"href":"https:\/\/investinalentejo.pt\/pt\/wp-json\/wp\/v2\/tags?post=637"}],"curies":[{"name":"wp","href":"https:\/\/api.w.org\/{rel}","templated":true}]}}