{"id":641,"date":"2022-05-19T19:58:00","date_gmt":"2022-05-19T19:58:00","guid":{"rendered":"http:\/\/investinalentejo.pt\/pt\/?p=641"},"modified":"2022-12-10T23:54:12","modified_gmt":"2022-12-10T23:54:12","slug":"invest-in-alentejo-viaja-ate-aos-paises-baixos-para-uma-missao-do-eixo-da-agroindustria","status":"publish","type":"post","link":"https:\/\/investinalentejo.pt\/pt\/invest-in-alentejo-viaja-ate-aos-paises-baixos-para-uma-missao-do-eixo-da-agroindustria\/","title":{"rendered":"Invest in Alentejo viaja at\u00e9 aos Pa\u00edses Baixos para uma miss\u00e3o do eixo da Agroind\u00fastria"},"content":{"rendered":"\n<p>A EDIA &#8211; Empresa de Desenvolvimento e Infra-estruturas do Alqueva, S.A.,lidera uma miss\u00e3o institucional aos Pa\u00edses Baixos, at\u00e9 20 de maio, para apresentar o Empreendimento de Fins M\u00faltiplos de Alqueva e o potencial do agroneg\u00f3cio na regi\u00e3o do Alentejo, com o apoio da ADRAL &#8211; Ag\u00eancia de Desenvolvimento Regional do Alentejo, no \u00e2mbito da iniciativa Invest in Alentejo.<\/p>\n\n\n\n<p>A miss\u00e3o arrancou segunda-feira com uma visita \u00e0 empresa de cultivo de legumes e produ\u00e7\u00e3o de sementes, Rijk Zwaan, com sede em De Lier, considerada atualmente, como a quarta maior empresa de cultivo de legumes a n\u00edvel mundial, produzindo 25 tipos diferentes de vegetais, incluindo alface, tomate, pepino, piment\u00e3o e couve.<\/p>\n\n\n\n<p>No segundo dia, 17 de maio, a comitiva visitou, tamb\u00e9m em De Lier, a empresa holandesa Priva, que vende equipamentos e softwares para controlo de clima, processos de horticultura e edifica\u00e7\u00f5es, sendo a l\u00edder mundial na \u00e1rea da horticultura.<\/p>\n\n\n\n<p>No terceiro dia, a manh\u00e3 foi dedicada \u00e0 visita \u00e0 Eurofins Agro Testing Wageningen BV, que ajuda produtores e agricultores a recolher dados precisos sobre sa\u00fade dos solos e das culturas, fertiliza\u00e7\u00e3o, valor das forragens e seguran\u00e7a alimentar, com o prop\u00f3sito de garantir melhores produ\u00e7\u00f5es com pegadas ambientais cada vez menos impactantes. Durante a tarde, a comitiva foi conhecer a Wageningen University &amp; Research, Centro de Investiga\u00e7\u00e3o de refer\u00eancia internacional ao n\u00edvel da horticultura e hidroponia, cooperando com empresas de refer\u00eancia no sector, no \u00e2mbito da valida\u00e7\u00e3o de conceitos e solu\u00e7\u00f5es.<\/p>\n\n\n\n<p>Hoje, cientes de que a \u00e1gua \u00e9 um recurso natural absolutamente imprescind\u00edvel \u00e0 atividade agr\u00edcola, que importa gerir de forma respons\u00e1vel e sustent\u00e1vel, a EDIA&nbsp; e a ADRAL, e restantes parceiros, visitaram a Unie Van Waterschappen \u2013 Associa\u00e7\u00e3o de Juntas de \u00c1gua Holandesas. Esta associa\u00e7\u00e3o agrega conselhos de \u00e1gua que, em conjunto, se interligam com os governos, a comunidade empresarial e centros de produ\u00e7\u00e3o de conhecimento com o prop\u00f3sito de melhor gerir o recurso, purificar \u00e1guas residuais e at\u00e9 prevenir inunda\u00e7\u00f5es.<\/p>\n\n\n\n<p>Durante tarde, neste quarto dia de miss\u00e3o, foi reservada para uma mesa-redonda na resid\u00eancia do Sr. Embaixador de Portugal nos Pa\u00edses Baixos, Ant\u00f3nio de Almeida Lima, onde foram abordadas estrat\u00e9gias que permitam aproveitar da melhor maneira o \u00edmpeto criado com esta miss\u00e3o institucional e os encontros que com ela se realizaram.<\/p>\n\n\n\n<p>A delega\u00e7\u00e3o \u00e9 composta por v\u00e1rias entidades da regi\u00e3o de Alqueva e respons\u00e1veis pelas diferentes \u00e1reas do agroneg\u00f3cio. Para al\u00e9m da EDIA e ADRAL, todos os principais agricultores e suas associa\u00e7\u00f5es v\u00e3o se juntar ao grupo (APBA \u2013 Associa\u00e7\u00e3o de Propriet\u00e1rios e Benefici\u00e1rios do Alqueva, AABA \u2013 Associa\u00e7\u00e3o de Agricultores do Baixo Alentejo, ACOS \u2013 Agricultores do Sul, FAABA &#8211; Federa\u00e7\u00e3o das Associa\u00e7\u00f5es de Agricultores do Baixo Alentejo, Cooperativa de Beja e Brinches, Portugal FRESH \u2013 Frutas, Legumes e Flores e Olivum \u2013 Associa\u00e7\u00e3o de Olivicultores do Sul, representando as diferentes \u00e1reas do agroneg\u00f3cio da regi\u00e3o, bem como o Instituto Polit\u00e9cnico de Beja \u2013 Escola Superior Agr\u00e1ria de Beja, o COTR \u2013 Centro Operativo Tecnol\u00f3gico do Regadio, a Dire\u00e7\u00e3o Regional de Agricultura do Alentejo e o Minist\u00e9rio da Agricultura.<\/p>\n\n\n\n<p>EDIA &#8211; Empresa de Desenvolvimento e Infra-estruturas do Alqueva, S.A. e com o apoio da ADRAL &#8211; Ag\u00eancia de Desenvolvimento Regional do Alentejo, no \u00e2mbito da iniciativa Invest in Alentejo.<\/p>\n","protected":false},"excerpt":{"rendered":"<p>A EDIA &#8211; Empresa de Desenvolvimento e Infra-estruturas do Alqueva, S.A.,lidera uma miss\u00e3o institucional aos Pa\u00edses Baixos, at\u00e9 20 de maio, para apresentar o Empreendimento de Fins M\u00faltiplos de Alqueva e o potencial do agroneg\u00f3cio na regi\u00e3o do Alentejo, com o apoio da ADRAL &#8211; Ag\u00eancia de Desenvolvimento Regional do Alentejo, no \u00e2mbito da iniciativa [&hellip;]<\/p>\n","protected":false},"author":1,"featured_media":784,"comment_status":"closed","ping_status":"open","sticky":false,"template":"","format":"standard","meta":{"footnotes":""},"categories":[1],"tags":[],"class_list":["post-641","post","type-post","status-publish","format-standard","has-post-thumbnail","hentry","category-sem-categoria"],"acf":[],"_links":{"self":[{"href":"https:\/\/investinalentejo.pt\/pt\/wp-json\/wp\/v2\/posts\/641","targetHints":{"allow":["GET"]}}],"collection":[{"href":"https:\/\/investinalentejo.pt\/pt\/wp-json\/wp\/v2\/posts"}],"about":[{"href":"https:\/\/investinalentejo.pt\/pt\/wp-json\/wp\/v2\/types\/post"}],"author":[{"embeddable":true,"href":"https:\/\/investinalentejo.pt\/pt\/wp-json\/wp\/v2\/users\/1"}],"replies":[{"embeddable":true,"href":"https:\/\/investinalentejo.pt\/pt\/wp-json\/wp\/v2\/comments?post=641"}],"version-history":[{"count":2,"href":"https:\/\/investinalentejo.pt\/pt\/wp-json\/wp\/v2\/posts\/641\/revisions"}],"predecessor-version":[{"id":665,"href":"https:\/\/investinalentejo.pt\/pt\/wp-json\/wp\/v2\/posts\/641\/revisions\/665"}],"wp:featuredmedia":[{"embeddable":true,"href":"https:\/\/investinalentejo.pt\/pt\/wp-json\/wp\/v2\/media\/784"}],"wp:attachment":[{"href":"https:\/\/investinalentejo.pt\/pt\/wp-json\/wp\/v2\/media?parent=641"}],"wp:term":[{"taxonomy":"category","embeddable":true,"href":"https:\/\/investinalentejo.pt\/pt\/wp-json\/wp\/v2\/categories?post=641"},{"taxonomy":"post_tag","embeddable":true,"href":"https:\/\/investinalentejo.pt\/pt\/wp-json\/wp\/v2\/tags?post=641"}],"curies":[{"name":"wp","href":"https:\/\/api.w.org\/{rel}","templated":true}]}}