{"id":645,"date":"2022-05-18T19:59:00","date_gmt":"2022-05-18T19:59:00","guid":{"rendered":"http:\/\/investinalentejo.pt\/pt\/?p=645"},"modified":"2022-12-10T23:54:13","modified_gmt":"2022-12-10T23:54:13","slug":"hub-energetico-de-sines-no-green-hydrogen-summit-2022","status":"publish","type":"post","link":"https:\/\/investinalentejo.pt\/pt\/hub-energetico-de-sines-no-green-hydrogen-summit-2022\/","title":{"rendered":"Hub Energ\u00e9tico de Sines no Green Hydrogen Summit 2022"},"content":{"rendered":"\n<p>Filipe Costa, o CEO da Aicep Global Parques, gestora da Zona Industrial e Log\u00edstica de Sines, participa na Green Hydrogen Summit 2022, que decorre em 17-18 maio em Lisboa.<\/p>\n\n\n\n<p>Esta participa\u00e7\u00e3o, no \u00e2mbito do programa \u201cInvest in Alentejo\u201d da ADRAL &#8211; Ag\u00eancia de Desenvolvimento Regional do Alentejo, visa apresentar o Complexo Portu\u00e1rio, Log\u00edstico, Industrial de Sines \u00e0s empresas do setor energ\u00e9tico potencialmente investidoras em transi\u00e7\u00e3o energ\u00e9tica, sob a marca \u201cEnergia Sul\u201d.<\/p>\n\n\n\n<p>Sines \u00e9 um hub de Oil &amp; Gas, petroqu\u00edmica e qu\u00edmica em refor\u00e7o, mas tamb\u00e9m um polo emergente de produ\u00e7\u00e3o de gases renov\u00e1veis, hidrog\u00e9nio e am\u00f3nia verdes.<\/p>\n\n\n\n<p>A iniciativa Invest in Alentejo, liderada pela ADRAL &#8211; Ag\u00eancia de Desenvolvimento Regional do Alentejo e financiada pelo Programa Alentejo 2020, tem como miss\u00e3o refor\u00e7ar a internacionaliza\u00e7\u00e3o de bens e servi\u00e7os da regi\u00e3o Alentejo, assentes nos principais dom\u00ednios da estrat\u00e9gia regional de especializa\u00e7\u00e3o inteligente (EREI).<\/p>\n","protected":false},"excerpt":{"rendered":"<p>Filipe Costa, o CEO da Aicep Global Parques, gestora da Zona Industrial e Log\u00edstica de Sines, participa na Green Hydrogen Summit 2022, que decorre em 17-18 maio em Lisboa. Esta participa\u00e7\u00e3o, no \u00e2mbito do programa \u201cInvest in Alentejo\u201d da ADRAL &#8211; Ag\u00eancia de Desenvolvimento Regional do Alentejo, visa apresentar o Complexo Portu\u00e1rio, Log\u00edstico, Industrial de [&hellip;]<\/p>\n","protected":false},"author":1,"featured_media":786,"comment_status":"closed","ping_status":"open","sticky":false,"template":"","format":"standard","meta":{"footnotes":""},"categories":[1],"tags":[],"class_list":["post-645","post","type-post","status-publish","format-standard","has-post-thumbnail","hentry","category-sem-categoria"],"acf":[],"_links":{"self":[{"href":"https:\/\/investinalentejo.pt\/pt\/wp-json\/wp\/v2\/posts\/645","targetHints":{"allow":["GET"]}}],"collection":[{"href":"https:\/\/investinalentejo.pt\/pt\/wp-json\/wp\/v2\/posts"}],"about":[{"href":"https:\/\/investinalentejo.pt\/pt\/wp-json\/wp\/v2\/types\/post"}],"author":[{"embeddable":true,"href":"https:\/\/investinalentejo.pt\/pt\/wp-json\/wp\/v2\/users\/1"}],"replies":[{"embeddable":true,"href":"https:\/\/investinalentejo.pt\/pt\/wp-json\/wp\/v2\/comments?post=645"}],"version-history":[{"count":2,"href":"https:\/\/investinalentejo.pt\/pt\/wp-json\/wp\/v2\/posts\/645\/revisions"}],"predecessor-version":[{"id":666,"href":"https:\/\/investinalentejo.pt\/pt\/wp-json\/wp\/v2\/posts\/645\/revisions\/666"}],"wp:featuredmedia":[{"embeddable":true,"href":"https:\/\/investinalentejo.pt\/pt\/wp-json\/wp\/v2\/media\/786"}],"wp:attachment":[{"href":"https:\/\/investinalentejo.pt\/pt\/wp-json\/wp\/v2\/media?parent=645"}],"wp:term":[{"taxonomy":"category","embeddable":true,"href":"https:\/\/investinalentejo.pt\/pt\/wp-json\/wp\/v2\/categories?post=645"},{"taxonomy":"post_tag","embeddable":true,"href":"https:\/\/investinalentejo.pt\/pt\/wp-json\/wp\/v2\/tags?post=645"}],"curies":[{"name":"wp","href":"https:\/\/api.w.org\/{rel}","templated":true}]}}