{"id":647,"date":"2022-05-17T20:00:00","date_gmt":"2022-05-17T20:00:00","guid":{"rendered":"http:\/\/investinalentejo.pt\/pt\/?p=647"},"modified":"2022-12-10T23:55:18","modified_gmt":"2022-12-10T23:55:18","slug":"roadshow-invest-in-alentejo-turismo-na-america-do-norte-com-resultados-bastante-positivos","status":"publish","type":"post","link":"https:\/\/investinalentejo.pt\/pt\/roadshow-invest-in-alentejo-turismo-na-america-do-norte-com-resultados-bastante-positivos\/","title":{"rendered":"Roadshow Invest In Alentejo \u2013 Turismo na Am\u00e9rica do Norte com resultados bastante positivos"},"content":{"rendered":"\n<p>Chegou ao fim, no passado dia 14 de maio, o Roadshow Invest in Alentejo subordinado ao setor do turismo nos Estados Unidos da Am\u00e9rica e no Canad\u00e1.<\/p>\n\n\n\n<p>Durante estes dias, foi apresentada a oferta tur\u00edstica do Alentejo e Porto &amp; Norte pelas duas Ag\u00eancias de Promo\u00e7\u00e3o (ARPTA \u2013 Ag\u00eancia Regional de Promo\u00e7\u00e3o Tur\u00edstica do Alentejo e Turismo de Porto e Norte de Portugal) e por um grupo de 15 empresas das duas regi\u00f5es, a operadores locais das cidades de Washington DC, Chicago, Boston, Montreal e Toronto.<\/p>\n\n\n\n<p>\u201cMais uma vez o projeto \u201cInvest In Alentejo\u201d, liderado pela ADRAL e do qual a Ag\u00eancia de Promo\u00e7\u00e3o Tur\u00edstica do Alentejo \u00e9 parceira, permitiu a realiza\u00e7\u00e3o de uma miss\u00e3o empresarial aos Estados Unidos e ao Canad\u00e1, na qual, e para al\u00e9m dos representantes das entidades organizadoras, envolveu 15 empresas do setor do turismo, tendo alcan\u00e7ado os objetivos pretendidos, com a realiza\u00e7\u00e3o de workshops comerciais em cinco cidades (Washington DC, Chicago,&nbsp; Boston,&nbsp; Montreal&nbsp; e Toronto), em cinco dias consecutivos, que se saldaram em reuni\u00f5es com mais de 200 agentes e media. Pelos testemunhos recolhidos junto das empresas portuguesas participantes, bem como do trade tur\u00edstico destes dois mercados, estamos conscientes de termos feito um trabalho que ir\u00e1 dar frutos, acelerando a retoma da atividade tur\u00edstica e qualificando-a num prazo que estimamos curto.\u201d, destaca V\u00edtor Fernandez da Silva, Presidente da ARPTA, no balan\u00e7o da miss\u00e3o empresarial para relan\u00e7amento do turismo p\u00f3s-Covid.<\/p>\n\n\n\n<p>A iniciativa Invest in Alentejo, liderada pela ADRAL &#8211; Ag\u00eancia de Desenvolvimento Regional do Alentejo e financiada pelo Programa Alentejo 2020, tem como miss\u00e3o refor\u00e7ar a internacionaliza\u00e7\u00e3o de bens e servi\u00e7os da regi\u00e3o Alentejo, assentes nos principais dom\u00ednios da estrat\u00e9gia regional de especializa\u00e7\u00e3o inteligente (EREI).<\/p>\n","protected":false},"excerpt":{"rendered":"<p>Chegou ao fim, no passado dia 14 de maio, o Roadshow Invest in Alentejo subordinado ao setor do turismo nos Estados Unidos da Am\u00e9rica e no Canad\u00e1. Durante estes dias, foi apresentada a oferta tur\u00edstica do Alentejo e Porto &amp; Norte pelas duas Ag\u00eancias de Promo\u00e7\u00e3o (ARPTA \u2013 Ag\u00eancia Regional de Promo\u00e7\u00e3o Tur\u00edstica do Alentejo [&hellip;]<\/p>\n","protected":false},"author":1,"featured_media":787,"comment_status":"closed","ping_status":"open","sticky":false,"template":"","format":"standard","meta":{"footnotes":""},"categories":[1],"tags":[],"class_list":["post-647","post","type-post","status-publish","format-standard","has-post-thumbnail","hentry","category-sem-categoria"],"acf":[],"_links":{"self":[{"href":"https:\/\/investinalentejo.pt\/pt\/wp-json\/wp\/v2\/posts\/647","targetHints":{"allow":["GET"]}}],"collection":[{"href":"https:\/\/investinalentejo.pt\/pt\/wp-json\/wp\/v2\/posts"}],"about":[{"href":"https:\/\/investinalentejo.pt\/pt\/wp-json\/wp\/v2\/types\/post"}],"author":[{"embeddable":true,"href":"https:\/\/investinalentejo.pt\/pt\/wp-json\/wp\/v2\/users\/1"}],"replies":[{"embeddable":true,"href":"https:\/\/investinalentejo.pt\/pt\/wp-json\/wp\/v2\/comments?post=647"}],"version-history":[{"count":2,"href":"https:\/\/investinalentejo.pt\/pt\/wp-json\/wp\/v2\/posts\/647\/revisions"}],"predecessor-version":[{"id":667,"href":"https:\/\/investinalentejo.pt\/pt\/wp-json\/wp\/v2\/posts\/647\/revisions\/667"}],"wp:featuredmedia":[{"embeddable":true,"href":"https:\/\/investinalentejo.pt\/pt\/wp-json\/wp\/v2\/media\/787"}],"wp:attachment":[{"href":"https:\/\/investinalentejo.pt\/pt\/wp-json\/wp\/v2\/media?parent=647"}],"wp:term":[{"taxonomy":"category","embeddable":true,"href":"https:\/\/investinalentejo.pt\/pt\/wp-json\/wp\/v2\/categories?post=647"},{"taxonomy":"post_tag","embeddable":true,"href":"https:\/\/investinalentejo.pt\/pt\/wp-json\/wp\/v2\/tags?post=647"}],"curies":[{"name":"wp","href":"https:\/\/api.w.org\/{rel}","templated":true}]}}