{"id":649,"date":"2022-05-16T20:00:00","date_gmt":"2022-05-16T20:00:00","guid":{"rendered":"http:\/\/investinalentejo.pt\/pt\/?p=649"},"modified":"2022-12-10T23:55:36","modified_gmt":"2022-12-10T23:55:36","slug":"promocao-do-alqueva-como-destino-de-investimento-para-horticultura-europeia","status":"publish","type":"post","link":"https:\/\/investinalentejo.pt\/pt\/promocao-do-alqueva-como-destino-de-investimento-para-horticultura-europeia\/","title":{"rendered":"Promo\u00e7\u00e3o do Alqueva como destino de investimento para horticultura europeia"},"content":{"rendered":"\n<p>A EDIA &#8211; Empresa de Desenvolvimento e Infra-estruturas do Alqueva, S.A., lidera uma miss\u00e3o institucional aos Pa\u00edses Baixos, de 16 a 20 de maio, para apresentar o Empreendimento de Fins M\u00faltiplos de Alqueva e o potencial do agroneg\u00f3cio na regi\u00e3o do Alentejo, com o apoio da ADRAL &#8211; Ag\u00eancia de Desenvolvimento Regional do Alentejo, no \u00e2mbito da iniciativa Invest in Alentejo.<\/p>\n\n\n\n<p>A delega\u00e7\u00e3o \u00e9 composta por v\u00e1rias entidades da regi\u00e3o de Alqueva e respons\u00e1veis pelas diferentes \u00e1reas do agroneg\u00f3cio. Para al\u00e9m da EDIA &#8211; Empresa de Desenvolvimento e Infra-estruturas do Alqueva, S.A. e ADRAL &#8211; Ag\u00eancia de Desenvolvimento Regional do Alentejo, todos os principais agricultores e suas associa\u00e7\u00f5es v\u00e3o se juntar ao grupo (APBA \u2013 Associa\u00e7\u00e3o de Propriet\u00e1rios e Benefici\u00e1rios do Alqueva , AABA &#8211; Associa\u00e7\u00e3o de Agricultores do Baixo Alentejo, ACOS &#8211; Associa\u00e7\u00e3o de Agricultores do Sul, Federa\u00e7\u00e3o das Associa\u00e7\u00f5es de Agricultores do Baixo Alentejo, Cooperativa de Beja e Brinches, Federa\u00e7\u00e3o Nacional das Associa\u00e7\u00f5es de Regantes, Portugal FRESH \u2013 Frutas, Legumes e Flores, Olivum\u2013 Associa\u00e7\u00e3o de Olivicultores do Sul e ABROXO \u2013 Associa\u00e7\u00e3o de Benefici\u00e1rios do Roxo), representando as diferentes \u00e1reas do agroneg\u00f3cio da regi\u00e3o, bem como o Instituto Polit\u00e9cnico de Beja \u2013 Escola Superior Agr\u00e1ria de Beja, o COTR \u2013 Centro Operativo Tecnol\u00f3gico do Regadio, a Dire\u00e7\u00e3o Regional de Agricultura do Alentejo e o Minist\u00e9rio da Agricultura.<\/p>\n","protected":false},"excerpt":{"rendered":"<p>A EDIA &#8211; Empresa de Desenvolvimento e Infra-estruturas do Alqueva, S.A., lidera uma miss\u00e3o institucional aos Pa\u00edses Baixos, de 16 a 20 de maio, para apresentar o Empreendimento de Fins M\u00faltiplos de Alqueva e o potencial do agroneg\u00f3cio na regi\u00e3o do Alentejo, com o apoio da ADRAL &#8211; Ag\u00eancia de Desenvolvimento Regional do Alentejo, no [&hellip;]<\/p>\n","protected":false},"author":1,"featured_media":788,"comment_status":"closed","ping_status":"open","sticky":false,"template":"","format":"standard","meta":{"footnotes":""},"categories":[1],"tags":[],"class_list":["post-649","post","type-post","status-publish","format-standard","has-post-thumbnail","hentry","category-sem-categoria"],"acf":[],"_links":{"self":[{"href":"https:\/\/investinalentejo.pt\/pt\/wp-json\/wp\/v2\/posts\/649","targetHints":{"allow":["GET"]}}],"collection":[{"href":"https:\/\/investinalentejo.pt\/pt\/wp-json\/wp\/v2\/posts"}],"about":[{"href":"https:\/\/investinalentejo.pt\/pt\/wp-json\/wp\/v2\/types\/post"}],"author":[{"embeddable":true,"href":"https:\/\/investinalentejo.pt\/pt\/wp-json\/wp\/v2\/users\/1"}],"replies":[{"embeddable":true,"href":"https:\/\/investinalentejo.pt\/pt\/wp-json\/wp\/v2\/comments?post=649"}],"version-history":[{"count":2,"href":"https:\/\/investinalentejo.pt\/pt\/wp-json\/wp\/v2\/posts\/649\/revisions"}],"predecessor-version":[{"id":668,"href":"https:\/\/investinalentejo.pt\/pt\/wp-json\/wp\/v2\/posts\/649\/revisions\/668"}],"wp:featuredmedia":[{"embeddable":true,"href":"https:\/\/investinalentejo.pt\/pt\/wp-json\/wp\/v2\/media\/788"}],"wp:attachment":[{"href":"https:\/\/investinalentejo.pt\/pt\/wp-json\/wp\/v2\/media?parent=649"}],"wp:term":[{"taxonomy":"category","embeddable":true,"href":"https:\/\/investinalentejo.pt\/pt\/wp-json\/wp\/v2\/categories?post=649"},{"taxonomy":"post_tag","embeddable":true,"href":"https:\/\/investinalentejo.pt\/pt\/wp-json\/wp\/v2\/tags?post=649"}],"curies":[{"name":"wp","href":"https:\/\/api.w.org\/{rel}","templated":true}]}}