{"id":651,"date":"2022-05-09T20:01:00","date_gmt":"2022-05-09T20:01:00","guid":{"rendered":"http:\/\/investinalentejo.pt\/pt\/?p=651"},"modified":"2022-12-10T23:59:18","modified_gmt":"2022-12-10T23:59:18","slug":"territorios-interiores-do-alentejo-em-roadshow-pela-america-do-norte","status":"publish","type":"post","link":"https:\/\/investinalentejo.pt\/pt\/territorios-interiores-do-alentejo-em-roadshow-pela-america-do-norte\/","title":{"rendered":"Territ\u00f3rios interiores do Alentejo em roadshow pela Am\u00e9rica do Norte"},"content":{"rendered":"\n<p>Os territ\u00f3rios interiores do Alentejo est\u00e3o em roadshow pelos Estados Unidos e Canad\u00e1 para apresentar a oferta tur\u00edstica das regi\u00f5es e promover a capta\u00e7\u00e3o de investimento, de 9 a 14 de maio, numa miss\u00e3o organizada pelas Ag\u00eancias de Promo\u00e7\u00e3o do Alentejo e do Porto e Norte de Portugal, com o apoio da ADRAL &#8211; Ag\u00eancia de Desenvolvimento Regional do Alentejo, no \u00e2mbito da iniciativa Invest in Alentejo.<\/p>\n\n\n\n<p>A miss\u00e3o percorre Washington DC, Chicago, Boston, Montreal e Toronto, cidades que possuem pelo menos um voo di\u00e1rio para Portugal e que recentemente demonstraram interesse pelo turismo rural e do interior.<\/p>\n\n\n\n<p>Na comitiva est\u00e3o presentes 16 empresas nacionais, 8 associados de cada uma das Ag\u00eancias, nomeadamente, da regi\u00e3o do Alentejo \u2013 Windsor; Domitur; Argon Travel Portugal; Promenade Portugal; Marmoris Hotel; Osiris; Convento Do Espinheiro e Bike Tours Portugal \u2013 e do Porto e Norte \u2013 Go Travel Everywhere; Vinitur-Turismo, Vinho e Gastronomia; Hilton Porto Gaia; Monverde &#8211; Wine Experience Hotel; The Lodge Hotel, e Mesquita de Sousa Hotels&amp;Resorts, Lda. Juntamente com o presidente da Turismo do Alentejo-ERT e da Dire\u00e7\u00e3o da ARPTA, V\u00edtor Fernandez da Silva,&nbsp; com o presidente da Turismo do Porto e Norte de Portugal-ERT, Lu\u00eds Pedro Martins, e o coordenador do departamento de rela\u00e7\u00f5es externas da ADRAL e coordenador da iniciativa Invest in Alentejo, Daniel Janeiro, entre outras personalidades.<\/p>\n","protected":false},"excerpt":{"rendered":"<p>Os territ\u00f3rios interiores do Alentejo est\u00e3o em roadshow pelos Estados Unidos e Canad\u00e1 para apresentar a oferta tur\u00edstica das regi\u00f5es e promover a capta\u00e7\u00e3o de investimento, de 9 a 14 de maio, numa miss\u00e3o organizada pelas Ag\u00eancias de Promo\u00e7\u00e3o do Alentejo e do Porto e Norte de Portugal, com o apoio da ADRAL &#8211; Ag\u00eancia [&hellip;]<\/p>\n","protected":false},"author":1,"featured_media":789,"comment_status":"closed","ping_status":"open","sticky":false,"template":"","format":"standard","meta":{"footnotes":""},"categories":[1],"tags":[],"class_list":["post-651","post","type-post","status-publish","format-standard","has-post-thumbnail","hentry","category-sem-categoria"],"acf":[],"_links":{"self":[{"href":"https:\/\/investinalentejo.pt\/pt\/wp-json\/wp\/v2\/posts\/651","targetHints":{"allow":["GET"]}}],"collection":[{"href":"https:\/\/investinalentejo.pt\/pt\/wp-json\/wp\/v2\/posts"}],"about":[{"href":"https:\/\/investinalentejo.pt\/pt\/wp-json\/wp\/v2\/types\/post"}],"author":[{"embeddable":true,"href":"https:\/\/investinalentejo.pt\/pt\/wp-json\/wp\/v2\/users\/1"}],"replies":[{"embeddable":true,"href":"https:\/\/investinalentejo.pt\/pt\/wp-json\/wp\/v2\/comments?post=651"}],"version-history":[{"count":2,"href":"https:\/\/investinalentejo.pt\/pt\/wp-json\/wp\/v2\/posts\/651\/revisions"}],"predecessor-version":[{"id":671,"href":"https:\/\/investinalentejo.pt\/pt\/wp-json\/wp\/v2\/posts\/651\/revisions\/671"}],"wp:featuredmedia":[{"embeddable":true,"href":"https:\/\/investinalentejo.pt\/pt\/wp-json\/wp\/v2\/media\/789"}],"wp:attachment":[{"href":"https:\/\/investinalentejo.pt\/pt\/wp-json\/wp\/v2\/media?parent=651"}],"wp:term":[{"taxonomy":"category","embeddable":true,"href":"https:\/\/investinalentejo.pt\/pt\/wp-json\/wp\/v2\/categories?post=651"},{"taxonomy":"post_tag","embeddable":true,"href":"https:\/\/investinalentejo.pt\/pt\/wp-json\/wp\/v2\/tags?post=651"}],"curies":[{"name":"wp","href":"https:\/\/api.w.org\/{rel}","templated":true}]}}