{"id":673,"date":"2022-03-17T21:08:00","date_gmt":"2022-03-17T21:08:00","guid":{"rendered":"http:\/\/investinalentejo.pt\/pt\/?p=673"},"modified":"2022-12-10T23:59:32","modified_gmt":"2022-12-10T23:59:32","slug":"balanco-do-ultimo-dia-de-missao-invest-in-alentejo-em-sao-paulo-brasil","status":"publish","type":"post","link":"https:\/\/investinalentejo.pt\/pt\/balanco-do-ultimo-dia-de-missao-invest-in-alentejo-em-sao-paulo-brasil\/","title":{"rendered":"Balan\u00e7o do \u00faltimo dia de miss\u00e3o Invest in Alentejo, em S\u00e3o Paulo, Brasil"},"content":{"rendered":"\n<p>Decorreu hoje, na C\u00e2mara de Com\u00e9rcio de S\u00e3o Paulo, a segunda de duas sess\u00f5es organizadas pela miss\u00e3o Invest in Alentejo no Brasil, lideradas por Jos\u00e9 Lu\u00eds Cacho, presidente do conselho de administra\u00e7\u00e3o da APS \u2013 Administra\u00e7\u00e3o dos Portos de Sines e do Algarve S.A. e por Miguel Gama, administrador executivo da aicep Global Parques, com o objetivo de apresentar as oportunidades que a Plataforma Portu\u00e1ria, Log\u00edstica e Industrial de Sines oferece ao mercado brasileiro, enquanto principal porta de entrada de produtos na Europa.<\/p>\n\n\n\n<p>\u00c0 semelhan\u00e7a do dia de ontem, a miss\u00e3o aproveitou para dar a conhecer aos presentes a enorme potencialidade da Plataforma Portu\u00e1ria, Log\u00edstica e Industrial de Sines para servir enquanto ponto de entrada de mat\u00e9rias-primas e produtos brasileiros que, com as ind\u00fastrias e meios log\u00edsticos dispon\u00edveis no complexo, podem passar por processos de acr\u00e9scimo de valor e, a partir da\u00ed, serem novamente exportados para outros pontos da Europa e do Globo.<\/p>\n\n\n\n<p>Esta sess\u00e3o contou com a participa\u00e7\u00e3o do presidente da C\u00e2mara Portuguesa de Com\u00e9rcio de S\u00e3o Paulo, Dr. Nuno Rebelo de Sousa.<\/p>\n\n\n\n<p>Sobre esta miss\u00e3o, Jo\u00e3o Grilo, presidente da ADRAL \u2013 Ag\u00eancia de Desenvolvimento Regional do Alentejo, explica que o apoio da iniciativa Invest in Alentejo procura a capta\u00e7\u00e3o de investimento \u201cna \u00e1rea da log\u00edstica da ind\u00fastria do agroneg\u00f3cio brasileiro, que se enquadra na visita da Sra. Ministra da Agricultura do Brasil, Tereza Cristina ao Porto de Sines, em outubro de 2020, onde, na ocasi\u00e3o, foi discutido um projeto de implanta\u00e7\u00e3o de um terminal para exporta\u00e7\u00e3o de frutas e carnes brasileiras para outros pa\u00edses europeus, norte de \u00c1frica e M\u00e9dio Oriente\u201d.<\/p>\n","protected":false},"excerpt":{"rendered":"<p>Decorreu hoje, na C\u00e2mara de Com\u00e9rcio de S\u00e3o Paulo, a segunda de duas sess\u00f5es organizadas pela miss\u00e3o Invest in Alentejo no Brasil, lideradas por Jos\u00e9 Lu\u00eds Cacho, presidente do conselho de administra\u00e7\u00e3o da APS \u2013 Administra\u00e7\u00e3o dos Portos de Sines e do Algarve S.A. e por Miguel Gama, administrador executivo da aicep Global Parques, com [&hellip;]<\/p>\n","protected":false},"author":1,"featured_media":790,"comment_status":"closed","ping_status":"open","sticky":false,"template":"","format":"standard","meta":{"footnotes":""},"categories":[1],"tags":[],"class_list":["post-673","post","type-post","status-publish","format-standard","has-post-thumbnail","hentry","category-sem-categoria"],"acf":[],"_links":{"self":[{"href":"https:\/\/investinalentejo.pt\/pt\/wp-json\/wp\/v2\/posts\/673","targetHints":{"allow":["GET"]}}],"collection":[{"href":"https:\/\/investinalentejo.pt\/pt\/wp-json\/wp\/v2\/posts"}],"about":[{"href":"https:\/\/investinalentejo.pt\/pt\/wp-json\/wp\/v2\/types\/post"}],"author":[{"embeddable":true,"href":"https:\/\/investinalentejo.pt\/pt\/wp-json\/wp\/v2\/users\/1"}],"replies":[{"embeddable":true,"href":"https:\/\/investinalentejo.pt\/pt\/wp-json\/wp\/v2\/comments?post=673"}],"version-history":[{"count":1,"href":"https:\/\/investinalentejo.pt\/pt\/wp-json\/wp\/v2\/posts\/673\/revisions"}],"predecessor-version":[{"id":674,"href":"https:\/\/investinalentejo.pt\/pt\/wp-json\/wp\/v2\/posts\/673\/revisions\/674"}],"wp:featuredmedia":[{"embeddable":true,"href":"https:\/\/investinalentejo.pt\/pt\/wp-json\/wp\/v2\/media\/790"}],"wp:attachment":[{"href":"https:\/\/investinalentejo.pt\/pt\/wp-json\/wp\/v2\/media?parent=673"}],"wp:term":[{"taxonomy":"category","embeddable":true,"href":"https:\/\/investinalentejo.pt\/pt\/wp-json\/wp\/v2\/categories?post=673"},{"taxonomy":"post_tag","embeddable":true,"href":"https:\/\/investinalentejo.pt\/pt\/wp-json\/wp\/v2\/tags?post=673"}],"curies":[{"name":"wp","href":"https:\/\/api.w.org\/{rel}","templated":true}]}}