{"id":677,"date":"2022-03-15T21:09:00","date_gmt":"2022-03-15T21:09:00","guid":{"rendered":"http:\/\/investinalentejo.pt\/pt\/?p=677"},"modified":"2022-12-11T00:02:05","modified_gmt":"2022-12-11T00:02:05","slug":"invest-in-alentejo-acompanha-missao-empresarial-em-sao-paulo","status":"publish","type":"post","link":"https:\/\/investinalentejo.pt\/pt\/invest-in-alentejo-acompanha-missao-empresarial-em-sao-paulo\/","title":{"rendered":"Invest in Alentejo acompanha miss\u00e3o empresarial em S\u00e3o Paulo"},"content":{"rendered":"\n<p>A iniciativa Invest in Alentejo acompanha a APS &#8211; Administra\u00e7\u00e3o dos Portos de Sines e do Algarve&nbsp; e a Aicep Global Parques na Intermodal South America, em S\u00e3o Paulo, que \u00e9 o principal evento de log\u00edstica, transporte de cargas e com\u00e9rcio exterior destinado aos profissionais do setor log\u00edstico. Este apoio integra a presen\u00e7a da APP \u2013 Associa\u00e7\u00e3o dos Portos de Portugal, com a representa\u00e7\u00e3o de todos os portos nacionais (Viana do Castelo, Leix\u00f5es, Aveiro, Figueira da Foz, Lisboa, Set\u00fabal, Sines, Madeira e A\u00e7ores).<\/p>\n\n\n\n<p>Desta miss\u00e3o institucional far\u00e3o parte duas apresenta\u00e7\u00f5es da Plataforma Portu\u00e1ria, Log\u00edstica e Industrial de Sines ao mercado brasileiro, enquanto principal porta de entrada de produtos na Europa, lideradas pelo Porto de Sines e a aicep Global Parques, que ter\u00e3o lugar no Consulado de Portugal, no dia 16, e na C\u00e2mara de Com\u00e9rcio de S\u00e3o Paulo, no dia 17.<\/p>\n\n\n\n<p>Da comitiva fazem parte o administrador executivo da aicep Global Parques, Miguel Gama, o diretor de desenvolvimento de neg\u00f3cio da aicep Global Parques, Gon\u00e7alo Eiras, o presidente do conselho de administra\u00e7\u00e3o da APS \u2013 Administra\u00e7\u00e3o dos Portos de Sines e do Algarve S.A, Jos\u00e9 Lu\u00eds Cacho, o assessor da APS \u2013 Administra\u00e7\u00e3o dos Portos de Sines e do Algarve S.A, Lu\u00eds Silva, diretor da Aicep, Francisco Sai\u00e3o Costa, e o coordenador do departamento de rela\u00e7\u00f5es externas da ADRAL e coordenador da iniciativa Invest in Alentejo, Daniel Janeiro.<\/p>\n","protected":false},"excerpt":{"rendered":"<p>A iniciativa Invest in Alentejo acompanha a APS &#8211; Administra\u00e7\u00e3o dos Portos de Sines e do Algarve&nbsp; e a Aicep Global Parques na Intermodal South America, em S\u00e3o Paulo, que \u00e9 o principal evento de log\u00edstica, transporte de cargas e com\u00e9rcio exterior destinado aos profissionais do setor log\u00edstico. Este apoio integra a presen\u00e7a da APP [&hellip;]<\/p>\n","protected":false},"author":1,"featured_media":793,"comment_status":"closed","ping_status":"open","sticky":false,"template":"","format":"standard","meta":{"footnotes":""},"categories":[1],"tags":[],"class_list":["post-677","post","type-post","status-publish","format-standard","has-post-thumbnail","hentry","category-sem-categoria"],"acf":[],"_links":{"self":[{"href":"https:\/\/investinalentejo.pt\/pt\/wp-json\/wp\/v2\/posts\/677","targetHints":{"allow":["GET"]}}],"collection":[{"href":"https:\/\/investinalentejo.pt\/pt\/wp-json\/wp\/v2\/posts"}],"about":[{"href":"https:\/\/investinalentejo.pt\/pt\/wp-json\/wp\/v2\/types\/post"}],"author":[{"embeddable":true,"href":"https:\/\/investinalentejo.pt\/pt\/wp-json\/wp\/v2\/users\/1"}],"replies":[{"embeddable":true,"href":"https:\/\/investinalentejo.pt\/pt\/wp-json\/wp\/v2\/comments?post=677"}],"version-history":[{"count":1,"href":"https:\/\/investinalentejo.pt\/pt\/wp-json\/wp\/v2\/posts\/677\/revisions"}],"predecessor-version":[{"id":678,"href":"https:\/\/investinalentejo.pt\/pt\/wp-json\/wp\/v2\/posts\/677\/revisions\/678"}],"wp:featuredmedia":[{"embeddable":true,"href":"https:\/\/investinalentejo.pt\/pt\/wp-json\/wp\/v2\/media\/793"}],"wp:attachment":[{"href":"https:\/\/investinalentejo.pt\/pt\/wp-json\/wp\/v2\/media?parent=677"}],"wp:term":[{"taxonomy":"category","embeddable":true,"href":"https:\/\/investinalentejo.pt\/pt\/wp-json\/wp\/v2\/categories?post=677"},{"taxonomy":"post_tag","embeddable":true,"href":"https:\/\/investinalentejo.pt\/pt\/wp-json\/wp\/v2\/tags?post=677"}],"curies":[{"name":"wp","href":"https:\/\/api.w.org\/{rel}","templated":true}]}}