{"id":679,"date":"2022-02-16T21:10:00","date_gmt":"2022-02-16T21:10:00","guid":{"rendered":"http:\/\/investinalentejo.pt\/pt\/?p=679"},"modified":"2022-12-11T00:02:15","modified_gmt":"2022-12-11T00:02:15","slug":"infraestruturas-e-economia-do-alentejo-em-grande-destaque-na-expo-dubai","status":"publish","type":"post","link":"https:\/\/investinalentejo.pt\/pt\/infraestruturas-e-economia-do-alentejo-em-grande-destaque-na-expo-dubai\/","title":{"rendered":"Infraestruturas e economia do Alentejo em grande destaque na EXPO Dubai"},"content":{"rendered":"\n<p>O potencial investimento estrangeiro para o Alentejo \u00e9 bastante animador, resultado dos diferentes encontros de diplomacia econ\u00f3mica enquadrados na presen\u00e7a da iniciativa Invest in Alentejo, na Expo Dubai 2020, entre os dias 8 e 11 de fevereiro. Esta foi, at\u00e9 \u00e0 data, a maior miss\u00e3o de internacionaliza\u00e7\u00e3o da regi\u00e3o promovida pela ADRAL \u2013 Ag\u00eancia de Desenvolvimento Regional do Alentejo.<\/p>\n\n\n\n<p>Durante quatro dias, a miss\u00e3o institucional &#8211; composta pela aicep Portugal Global, gestores da Zona Industrial e Log\u00edstica de Sines, APS &#8211; Administra\u00e7\u00e3o dos Portos de Sines e do Algarve, ARPTA &#8211; Ag\u00eancia Regional de Promo\u00e7\u00e3o Tur\u00edstica do Alentejo, o Munic\u00edpio Ponte de Sor, o Munic\u00edpio Santiago do Cac\u00e9m, Munic\u00edpio de Sines e a ADRAL &#8211; realizaram apresenta\u00e7\u00f5es na feira internacional e in\u00fameros encontros com entidades e empresas localizadas no Dubai, que se traduziram na assinatura de importantes memorandos de entendimento para o desenvolvimento futuro da regi\u00e3o.<\/p>\n\n\n\n<p>A destacar, a visita do cluster da Aeron\u00e1utica \u00e0 Jetex, l\u00edder global em servi\u00e7os de avia\u00e7\u00e3o executiva, e a assinatura de um memorando entendimento e coopera\u00e7\u00e3o entre a PLM Middle East, sediada nos Emirados \u00c1rabes Unidos, e o Munic\u00edpio de Ponte de Sor, para a cria\u00e7\u00e3o do programa Accelera, criando a primeira plataforma de incubadora e acelera\u00e7\u00e3o de empresas e startups nas \u00e1reas da avia\u00e7\u00e3o e turismo, com sede no munic\u00edpio.<\/p>\n\n\n\n<p>No eixo do Turismo, a ARPTA \u2013 Ag\u00eancia de Promo\u00e7\u00e3o Tur\u00edstica do Alentejo apresentou a regi\u00e3o aos dois maiores operadores tur\u00edsticos do Dubai e assinou um memorando de entendimento com a PLM MIDDLE EAST, sediada nos Emirados \u00c1rabes Unidos, para estarem presentes na 8\u00aa Edi\u00e7\u00e3o da Arab Aviantion Summit, entre 28 de fevereiro e 1 de mar\u00e7o de 2022, numa a\u00e7\u00e3o conjunta de promo\u00e7\u00e3o do destino Alentejo para mais de 600 agentes tur\u00edsticos e redes de distribui\u00e7\u00e3o que representam um mercado de cerca de quatro milh\u00f5es e meio de consumidores com um elevado poder de compra.<\/p>\n\n\n\n<p>Ao n\u00edvel dos Portos &amp; Log\u00edstica, a aicep Global Parques e o Porto de Sines assinaram um manifesto de interesse de investimento com a companhia petrol\u00edfera ENOC &#8211; Emirates National Oil Company para desenvolver as \u00e1reas de transporte e armazenamento de produtos derivados do petr\u00f3leo, tais como combust\u00edvel para avi\u00f5es (jet fuel).<\/p>\n\n\n\n<p>\u201cA participa\u00e7\u00e3o na miss\u00e3o Invest in Alentejo constituiu uma frutuosa oportunidade de promover o Complexo Portu\u00e1rio e Industrial de Sines num contexto transversal dos diversos eixos em que estamos a apostar: energia, log\u00edstica e transi\u00e7\u00e3o energ\u00e9tica. A promo\u00e7\u00e3o conjunta da regi\u00e3o do Alentejo pot\u00eancia sinergias, beneficiando a capta\u00e7\u00e3o de mais investimento. Uma palavra de apre\u00e7o pelo empenho e profissionalismo da ADRAL na organiza\u00e7\u00e3o desta miss\u00e3o.\u201d, destaca a vice-presidente da comiss\u00e3o executiva aicep Global Parques, Isabel Caldeira Cardoso.<\/p>\n\n\n\n<p>Para Jos\u00e9 Lu\u00eds Cacho, Presidente do Porto de Sines, \u201co projeto \u201cInvest in Alentejo\u201d agrega um conjunto de entidades que t\u00eam capacidade de potenciar desenvolvimento da regi\u00e3o Alentejo. O Porto de Sines tem todo o interesse em estar associado a esta iniciativa pelas oportunidades que se podem construir. Inserido nas principais cadeias log\u00edsticas internacionais, Sines \u00e9 a porta natural de entrada e sa\u00edda de mercadorias do seu hinterland. A nossa miss\u00e3o \u00e9 servir a economia do pa\u00eds e, naturalmente, da regi\u00e3o onde nos encontramos.\u201d<\/p>\n\n\n\n<p>\u201cA participa\u00e7\u00e3o da Ag\u00eancia de Promo\u00e7\u00e3o Tur\u00edstica do Alentejo na Miss\u00e3o Empresarial que se realizou ao Dubai, aproveitando o contexto de especial oportunidade criado pela presen\u00e7a portuguesa na Expo Mundial que ali decorre, permitiu a sinaliza\u00e7\u00e3o de reais oportunidades de neg\u00f3cio para as empresas deste setor com interven\u00e7\u00e3o no Alentejo, tendo sido identificados os produtos, canais de venda e Operadores Tur\u00edsticos capazes de contribuir para a afirma\u00e7\u00e3o do Alentejo no Dubai. A composi\u00e7\u00e3o multissetorial da Miss\u00e3o Empresarial permitiu que se comunicasse um Alentejo competitivo em diferentes \u00e1reas econ\u00f3micas, num modelo multidisciplinar de capta\u00e7\u00e3o de oportunidades de neg\u00f3cio capaz de gerar sinergias entre setores de import\u00e2ncia estrat\u00e9gica para o desenvolvimento da regi\u00e3o.\u201d, destaca o diretor executivo do Turismo do Alentejo, Ant\u00f3nio Lacerda.<\/p>\n\n\n\n<p>\u201cA atra\u00e7\u00e3o de investimento para o nosso territ\u00f3rio tem sido sempre encarada por este executivo como uma prioridade e como um dos motores do crescimento que temos assistido. Esse crescimento concretiza-se contactando com entidades, demonstrando as vantagens competitivas que as empresas t\u00eam de abrir unidades de produ\u00e7\u00e3o ou centros de desenvolvimento de conhecimento em Portugal, mais concretamente num dos polos onde j\u00e1 existem empresas do setor, beneficiando das sinergias que o territ\u00f3rio oferece\u201d, destaca o vice-presidente da C\u00e2mara Municipal de Ponte de Sor, Rog\u00e9rio Alves.<\/p>\n\n\n\n<p>&#8220;Quando a ADRAL decidiu organizar uma miss\u00e3o \u00e0 Expo 2020 ficou muito claro que Sines tinha de estar presente. Para um concelho com a abertura e as potencialidades deste territ\u00f3rio, a internacionaliza\u00e7\u00e3o faz todo o sentido. Com esta presen\u00e7a no Dubai, demos a conhecer os nossos valores a potenciais interessados a que n\u00e3o chegar\u00edamos de outra forma e estabelecemos contactos que poder\u00e3o dar frutos no futuro.\u201d, destaca o presidente da C\u00e2mara Municipal de Sines, Nuno Mascarenhas.<\/p>\n\n\n\n<p>\u201cFoi sem d\u00favida uma excelente oportunidade de promover e potenciar o nosso Alentejo, naturalmente tamb\u00e9m o Munic\u00edpio de Santiago do Cac\u00e9m, e que nos permitiu afirmar o Alentejo enquanto destino de excel\u00eancia para investimento direto estrangeiro. O contacto direto com agentes locais e internacionais, nas diversas \u00e1reas que pretendemos potenciar, no caso particular de Santiago do Cac\u00e9m, Turismo, Agroind\u00fastria e Energia, permitiu-nos estabelecer uma importante ponte que poder\u00e1 captar investimentos futuros relevantes para o desenvolvimento econ\u00f3mico e social da nossa Regi\u00e3o.\u201d, destaca o presidente da C\u00e2mara Municipal de Santiago do Cac\u00e9m, \u00c1lvaro Beijinha.<\/p>\n\n\n\n<p>\u201cCom um patrim\u00f3nio cultural reconhecido mundialmente e uma das mais bem preservadas regi\u00f5es da Europa, o Alentejo re\u00fane na sua imensid\u00e3o um mundo de verdadeiras oportunidades por explorar. \u00c9vora, cidade candidata a Capital Europeia da Cultura em 2027 e um destino tur\u00edstico diferenciado, tem na aeron\u00e1utica, eletr\u00f3nica e agroind\u00fastria, setores emergentes ao n\u00edvel da especializa\u00e7\u00e3o tecnol\u00f3gica com assinal\u00e1vel potencial exportador. Investir no Alentejo \u00e9, pois, uma aposta segura com a garantia de qualidade que nos distingue.\u201d, destaca o vice-presidente da C\u00e2mara Municipal de \u00c9vora, Alexandre Varela.<\/p>\n\n\n\n<p>\u201cA ADRAL \u2013 Ag\u00eancia de Desenvolvimento Regional do Alentejo, juntamente com os parceiros estrat\u00e9gicos da iniciativa Invest In Alentejo, a qual lidera, organizou a Semana Invest In Alentejo no Pavilh\u00e3o de Portugal na Expo 2020 Dubai. Esta uni\u00e3o de esfor\u00e7os entre entidades representativas de diversos setores e de todas as sub-regi\u00f5es do Alentejo, sempre norteados pelo desenvolvimento e promo\u00e7\u00e3o da Regi\u00e3o, representa a continuidade de um trabalho de parceria que tem vindo a ser desenvolvido, o qual esperamos que continue cada vez com mais coes\u00e3o, a contar com todos os agentes e entidades da regi\u00e3o, a contar com todo o Alentejo.\u201d, destaca o presidente da ADRAL, Jo\u00e3o Maria Grilo.<\/p>\n\n\n\n<p>A iniciativa Invest in Alentejo tem como miss\u00e3o promover internacionalmente o Alentejo, centrando-se nos setores chave associados aos dom\u00ednios da estrat\u00e9gia regional de especializa\u00e7\u00e3o inteligente (EREI), os equipamentos e os recursos existentes na regi\u00e3o, com o objetivo de captar de investimento e refor\u00e7ar o posicionamento da regi\u00e3o no mercado global.<\/p>\n","protected":false},"excerpt":{"rendered":"<p>O potencial investimento estrangeiro para o Alentejo \u00e9 bastante animador, resultado dos diferentes encontros de diplomacia econ\u00f3mica enquadrados na presen\u00e7a da iniciativa Invest in Alentejo, na Expo Dubai 2020, entre os dias 8 e 11 de fevereiro. Esta foi, at\u00e9 \u00e0 data, a maior miss\u00e3o de internacionaliza\u00e7\u00e3o da regi\u00e3o promovida pela ADRAL \u2013 Ag\u00eancia de [&hellip;]<\/p>\n","protected":false},"author":1,"featured_media":792,"comment_status":"closed","ping_status":"open","sticky":false,"template":"","format":"standard","meta":{"footnotes":""},"categories":[1],"tags":[],"class_list":["post-679","post","type-post","status-publish","format-standard","has-post-thumbnail","hentry","category-sem-categoria"],"acf":[],"_links":{"self":[{"href":"https:\/\/investinalentejo.pt\/pt\/wp-json\/wp\/v2\/posts\/679","targetHints":{"allow":["GET"]}}],"collection":[{"href":"https:\/\/investinalentejo.pt\/pt\/wp-json\/wp\/v2\/posts"}],"about":[{"href":"https:\/\/investinalentejo.pt\/pt\/wp-json\/wp\/v2\/types\/post"}],"author":[{"embeddable":true,"href":"https:\/\/investinalentejo.pt\/pt\/wp-json\/wp\/v2\/users\/1"}],"replies":[{"embeddable":true,"href":"https:\/\/investinalentejo.pt\/pt\/wp-json\/wp\/v2\/comments?post=679"}],"version-history":[{"count":1,"href":"https:\/\/investinalentejo.pt\/pt\/wp-json\/wp\/v2\/posts\/679\/revisions"}],"predecessor-version":[{"id":680,"href":"https:\/\/investinalentejo.pt\/pt\/wp-json\/wp\/v2\/posts\/679\/revisions\/680"}],"wp:featuredmedia":[{"embeddable":true,"href":"https:\/\/investinalentejo.pt\/pt\/wp-json\/wp\/v2\/media\/792"}],"wp:attachment":[{"href":"https:\/\/investinalentejo.pt\/pt\/wp-json\/wp\/v2\/media?parent=679"}],"wp:term":[{"taxonomy":"category","embeddable":true,"href":"https:\/\/investinalentejo.pt\/pt\/wp-json\/wp\/v2\/categories?post=679"},{"taxonomy":"post_tag","embeddable":true,"href":"https:\/\/investinalentejo.pt\/pt\/wp-json\/wp\/v2\/tags?post=679"}],"curies":[{"name":"wp","href":"https:\/\/api.w.org\/{rel}","templated":true}]}}