{"id":681,"date":"2022-02-11T21:10:00","date_gmt":"2022-02-11T21:10:00","guid":{"rendered":"http:\/\/investinalentejo.pt\/pt\/?p=681"},"modified":"2022-12-11T00:04:54","modified_gmt":"2022-12-11T00:04:54","slug":"resumo-do-terceiro-dia-da-semana-invest-in-alentejo-na-expo-dubai","status":"publish","type":"post","link":"https:\/\/investinalentejo.pt\/pt\/resumo-do-terceiro-dia-da-semana-invest-in-alentejo-na-expo-dubai\/","title":{"rendered":"Resumo do terceiro dia da Semana Invest in Alentejo na Expo Dubai"},"content":{"rendered":"\n<p>Ao terceiro dia de miss\u00e3o de internacionaliza\u00e7\u00e3o, a nossa comitiva continua no Pavilh\u00e3o de Portugal desta feita, com um semin\u00e1rio para divulgar o ecossistema de Sines, estreitamente ligado a mais um dos eixos da iniciativa Invest in Alentejo: Portos &amp; Log\u00edstica.<\/p>\n\n\n\n<p>Para o efeito, destacam-se as interven\u00e7\u00f5es de Nuno Mascarenhas, presidente da C\u00e2mara Municipal de Sines, Isabel Caldeira Cardoso, vice-presidente da aicep Global Parques e Jos\u00e9 Lu\u00eds Cacho, CEO da Autoridade do Porto de Sines.<\/p>\n\n\n\n<p>Juntos, ajudaram a tra\u00e7ar o perfil deste importante complexo de infraestruturas situado no litoral alentejano, mostrando as suas oportunidades e vantagens para a capta\u00e7\u00e3o de investimento e novas oportunidades de neg\u00f3cio.<\/p>\n\n\n\n<p>A tarde ficou reservada ao setor do turismo, onde V\u00edtor Silva e Ant\u00f3nio Lacerda, Presidente e Diretor Executivo da ARPTA \u2013 Ag\u00eancia Regional de Promo\u00e7\u00e3o Tur\u00edstica do Alentejo, respetivamente, tiveram a oportunidade de se reunirem e apresentarem o destino Alentejo a operadores e empresas.<\/p>\n","protected":false},"excerpt":{"rendered":"<p>Ao terceiro dia de miss\u00e3o de internacionaliza\u00e7\u00e3o, a nossa comitiva continua no Pavilh\u00e3o de Portugal desta feita, com um semin\u00e1rio para divulgar o ecossistema de Sines, estreitamente ligado a mais um dos eixos da iniciativa Invest in Alentejo: Portos &amp; Log\u00edstica. Para o efeito, destacam-se as interven\u00e7\u00f5es de Nuno Mascarenhas, presidente da C\u00e2mara Municipal de [&hellip;]<\/p>\n","protected":false},"author":1,"featured_media":794,"comment_status":"closed","ping_status":"open","sticky":false,"template":"","format":"standard","meta":{"footnotes":""},"categories":[1],"tags":[],"class_list":["post-681","post","type-post","status-publish","format-standard","has-post-thumbnail","hentry","category-sem-categoria"],"acf":[],"_links":{"self":[{"href":"https:\/\/investinalentejo.pt\/pt\/wp-json\/wp\/v2\/posts\/681","targetHints":{"allow":["GET"]}}],"collection":[{"href":"https:\/\/investinalentejo.pt\/pt\/wp-json\/wp\/v2\/posts"}],"about":[{"href":"https:\/\/investinalentejo.pt\/pt\/wp-json\/wp\/v2\/types\/post"}],"author":[{"embeddable":true,"href":"https:\/\/investinalentejo.pt\/pt\/wp-json\/wp\/v2\/users\/1"}],"replies":[{"embeddable":true,"href":"https:\/\/investinalentejo.pt\/pt\/wp-json\/wp\/v2\/comments?post=681"}],"version-history":[{"count":1,"href":"https:\/\/investinalentejo.pt\/pt\/wp-json\/wp\/v2\/posts\/681\/revisions"}],"predecessor-version":[{"id":682,"href":"https:\/\/investinalentejo.pt\/pt\/wp-json\/wp\/v2\/posts\/681\/revisions\/682"}],"wp:featuredmedia":[{"embeddable":true,"href":"https:\/\/investinalentejo.pt\/pt\/wp-json\/wp\/v2\/media\/794"}],"wp:attachment":[{"href":"https:\/\/investinalentejo.pt\/pt\/wp-json\/wp\/v2\/media?parent=681"}],"wp:term":[{"taxonomy":"category","embeddable":true,"href":"https:\/\/investinalentejo.pt\/pt\/wp-json\/wp\/v2\/categories?post=681"},{"taxonomy":"post_tag","embeddable":true,"href":"https:\/\/investinalentejo.pt\/pt\/wp-json\/wp\/v2\/tags?post=681"}],"curies":[{"name":"wp","href":"https:\/\/api.w.org\/{rel}","templated":true}]}}