{"id":683,"date":"2022-02-11T21:11:00","date_gmt":"2022-02-11T21:11:00","guid":{"rendered":"http:\/\/investinalentejo.pt\/pt\/?p=683"},"modified":"2022-12-11T00:04:57","modified_gmt":"2022-12-11T00:04:57","slug":"resumo-do-segundo-dia-da-semana-invest-in-alentejo-na-expo-dubai","status":"publish","type":"post","link":"https:\/\/investinalentejo.pt\/pt\/resumo-do-segundo-dia-da-semana-invest-in-alentejo-na-expo-dubai\/","title":{"rendered":"Resumo do segundo dia da Semana Invest in Alentejo na Expo Dubai"},"content":{"rendered":"\n<p>O segundo dia de miss\u00e3o na EXPO Dubai 2020 foi centrado na promo\u00e7\u00e3o dos clusters Aeron\u00e1utico e Agroindustrial, dois eixos muito din\u00e2micos da iniciativa Invest in Alentejo, liderada pela ADRAL, e com grande potencial de desenvolvimento.<\/p>\n\n\n\n<p>Em semin\u00e1rio dedicado ao setor Aeron\u00e1utico, no Pavilh\u00e3o de Portugal, foi feita contextualiza\u00e7\u00e3o deste eixo e a apresenta\u00e7\u00e3o do projeto \u201cAccelera \u2013 The Innovation Cluster for Aviation and Travel Star-ups Accelerationg Sustainable Growth in Ponte de Sor\u201d.<\/p>\n\n\n\n<p>A apresenta\u00e7\u00e3o das oportunidades e din\u00e2mica industrial aeron\u00e1utica e aeroespacial do Aer\u00f3dromo Municipal de Ponte de Sor foi feita por Rog\u00e9rio Alves, vice-presidente do Munic\u00edpio.<\/p>\n\n\n\n<p>O potencial de oportunidades de neg\u00f3cio no setor aeron\u00e1utico em \u00c9vora foi apresentado por Alexandre Varela, vice-presidente do Munic\u00edpio.<\/p>\n\n\n\n<p>Ainda no \u00e2mbito do eixo Aeron\u00e1utico, este dia fica tamb\u00e9m marcado pela visita \u00e0 Jetex, l\u00edder global em servi\u00e7os de avia\u00e7\u00e3o executiva e pela assinatura de um Memorando de Entendimento e Coopera\u00e7\u00e3o entre a PLM MIDDLE EAST, sediada nos Emirados \u00c1rabes Unidos, e o Munic\u00edpio Ponte de Sor, para a cria\u00e7\u00e3o do programa Accelera, criando a primeira plataforma de incubadora e acelera\u00e7\u00e3o de empresas e startups nas \u00e1reas da avia\u00e7\u00e3o e turismo, com sede no munic\u00edpio.<\/p>\n\n\n\n<p>Por outro lado, parte do dia foi dedicado tamb\u00e9m ao setor da Agroind\u00fastria, com realiza\u00e7\u00e3o de networking e de visitas a ind\u00fastrias locais centrada nas oportunidades de neg\u00f3cio deste setor no Alentejo.<\/p>\n","protected":false},"excerpt":{"rendered":"<p>O segundo dia de miss\u00e3o na EXPO Dubai 2020 foi centrado na promo\u00e7\u00e3o dos clusters Aeron\u00e1utico e Agroindustrial, dois eixos muito din\u00e2micos da iniciativa Invest in Alentejo, liderada pela ADRAL, e com grande potencial de desenvolvimento. Em semin\u00e1rio dedicado ao setor Aeron\u00e1utico, no Pavilh\u00e3o de Portugal, foi feita contextualiza\u00e7\u00e3o deste eixo e a apresenta\u00e7\u00e3o do [&hellip;]<\/p>\n","protected":false},"author":1,"featured_media":795,"comment_status":"closed","ping_status":"open","sticky":false,"template":"","format":"standard","meta":{"footnotes":""},"categories":[1],"tags":[],"class_list":["post-683","post","type-post","status-publish","format-standard","has-post-thumbnail","hentry","category-sem-categoria"],"acf":[],"_links":{"self":[{"href":"https:\/\/investinalentejo.pt\/pt\/wp-json\/wp\/v2\/posts\/683","targetHints":{"allow":["GET"]}}],"collection":[{"href":"https:\/\/investinalentejo.pt\/pt\/wp-json\/wp\/v2\/posts"}],"about":[{"href":"https:\/\/investinalentejo.pt\/pt\/wp-json\/wp\/v2\/types\/post"}],"author":[{"embeddable":true,"href":"https:\/\/investinalentejo.pt\/pt\/wp-json\/wp\/v2\/users\/1"}],"replies":[{"embeddable":true,"href":"https:\/\/investinalentejo.pt\/pt\/wp-json\/wp\/v2\/comments?post=683"}],"version-history":[{"count":1,"href":"https:\/\/investinalentejo.pt\/pt\/wp-json\/wp\/v2\/posts\/683\/revisions"}],"predecessor-version":[{"id":684,"href":"https:\/\/investinalentejo.pt\/pt\/wp-json\/wp\/v2\/posts\/683\/revisions\/684"}],"wp:featuredmedia":[{"embeddable":true,"href":"https:\/\/investinalentejo.pt\/pt\/wp-json\/wp\/v2\/media\/795"}],"wp:attachment":[{"href":"https:\/\/investinalentejo.pt\/pt\/wp-json\/wp\/v2\/media?parent=683"}],"wp:term":[{"taxonomy":"category","embeddable":true,"href":"https:\/\/investinalentejo.pt\/pt\/wp-json\/wp\/v2\/categories?post=683"},{"taxonomy":"post_tag","embeddable":true,"href":"https:\/\/investinalentejo.pt\/pt\/wp-json\/wp\/v2\/tags?post=683"}],"curies":[{"name":"wp","href":"https:\/\/api.w.org\/{rel}","templated":true}]}}