{"id":685,"date":"2022-02-09T21:12:00","date_gmt":"2022-02-09T21:12:00","guid":{"rendered":"http:\/\/investinalentejo.pt\/pt\/?p=685"},"modified":"2022-12-11T00:04:59","modified_gmt":"2022-12-11T00:04:59","slug":"o-primeiro-dia-da-semana-invest-in-alentejo-na-expo-dubai","status":"publish","type":"post","link":"https:\/\/investinalentejo.pt\/pt\/o-primeiro-dia-da-semana-invest-in-alentejo-na-expo-dubai\/","title":{"rendered":"O primeiro dia da Semana Invest in Alentejo na Expo Dubai"},"content":{"rendered":"\n<p>Neste primeiro dia, a comitiva da miss\u00e3o empresarial de internacionaliza\u00e7\u00e3o do Alentejo fez a apresenta\u00e7\u00e3o p\u00fablica da iniciativa Invest in Alentejo, no Pavilh\u00e3o de Portugal, na EXPO Dubai 2020, com a presen\u00e7a de representantes de todas as principais infraestruturas da regi\u00e3o do Alentejo.<\/p>\n\n\n\n<p>Os representantes tiveram assim a oportunidade de, em conjunto, desenhar o quadro geral das in\u00fameras oportunidades de investimento presentes no territ\u00f3rio do Alentejo. Mostraram o mapa de uma Regi\u00e3o extremamente diversificada, n\u00e3o s\u00f3 em termos de paisagem, mas igualmente no que a oportunidades de neg\u00f3cio diz respeito.<\/p>\n","protected":false},"excerpt":{"rendered":"<p>Neste primeiro dia, a comitiva da miss\u00e3o empresarial de internacionaliza\u00e7\u00e3o do Alentejo fez a apresenta\u00e7\u00e3o p\u00fablica da iniciativa Invest in Alentejo, no Pavilh\u00e3o de Portugal, na EXPO Dubai 2020, com a presen\u00e7a de representantes de todas as principais infraestruturas da regi\u00e3o do Alentejo. Os representantes tiveram assim a oportunidade de, em conjunto, desenhar o quadro [&hellip;]<\/p>\n","protected":false},"author":1,"featured_media":796,"comment_status":"closed","ping_status":"open","sticky":false,"template":"","format":"standard","meta":{"footnotes":""},"categories":[1],"tags":[],"class_list":["post-685","post","type-post","status-publish","format-standard","has-post-thumbnail","hentry","category-sem-categoria"],"acf":[],"_links":{"self":[{"href":"https:\/\/investinalentejo.pt\/pt\/wp-json\/wp\/v2\/posts\/685","targetHints":{"allow":["GET"]}}],"collection":[{"href":"https:\/\/investinalentejo.pt\/pt\/wp-json\/wp\/v2\/posts"}],"about":[{"href":"https:\/\/investinalentejo.pt\/pt\/wp-json\/wp\/v2\/types\/post"}],"author":[{"embeddable":true,"href":"https:\/\/investinalentejo.pt\/pt\/wp-json\/wp\/v2\/users\/1"}],"replies":[{"embeddable":true,"href":"https:\/\/investinalentejo.pt\/pt\/wp-json\/wp\/v2\/comments?post=685"}],"version-history":[{"count":1,"href":"https:\/\/investinalentejo.pt\/pt\/wp-json\/wp\/v2\/posts\/685\/revisions"}],"predecessor-version":[{"id":686,"href":"https:\/\/investinalentejo.pt\/pt\/wp-json\/wp\/v2\/posts\/685\/revisions\/686"}],"wp:featuredmedia":[{"embeddable":true,"href":"https:\/\/investinalentejo.pt\/pt\/wp-json\/wp\/v2\/media\/796"}],"wp:attachment":[{"href":"https:\/\/investinalentejo.pt\/pt\/wp-json\/wp\/v2\/media?parent=685"}],"wp:term":[{"taxonomy":"category","embeddable":true,"href":"https:\/\/investinalentejo.pt\/pt\/wp-json\/wp\/v2\/categories?post=685"},{"taxonomy":"post_tag","embeddable":true,"href":"https:\/\/investinalentejo.pt\/pt\/wp-json\/wp\/v2\/tags?post=685"}],"curies":[{"name":"wp","href":"https:\/\/api.w.org\/{rel}","templated":true}]}}