{"id":687,"date":"2022-02-07T21:12:00","date_gmt":"2022-02-07T21:12:00","guid":{"rendered":"http:\/\/investinalentejo.pt\/pt\/?p=687"},"modified":"2022-12-11T00:07:36","modified_gmt":"2022-12-11T00:07:36","slug":"parte-hoje-para-a-expo-dubai-a-maior-missao-empresarial-de-internacionalizacao-do-alentejo","status":"publish","type":"post","link":"https:\/\/investinalentejo.pt\/pt\/parte-hoje-para-a-expo-dubai-a-maior-missao-empresarial-de-internacionalizacao-do-alentejo\/","title":{"rendered":"Parte hoje para a Expo Dubai a maior miss\u00e3o empresarial de internacionaliza\u00e7\u00e3o do Alentejo"},"content":{"rendered":"\n<p>Parte hoje para a Expo Dubai a maior miss\u00e3o empresarial de internacionaliza\u00e7\u00e3o do Alentejo. Esta \u00e9 uma miss\u00e3o da ADRAL \u2013 Ag\u00eancia de Desenvolvimento Regional do Alentejo, no \u00e2mbito da iniciativa Invest in Alentejo, para promover a internacionaliza\u00e7\u00e3o dos principais equipamentos e recursos da regi\u00e3o do Alentejo no Pavilh\u00e3o de Portugal da Expo Dubai 2020, entre os dias 8 e 11 de fevereiro.<\/p>\n\n\n\n<p>Da comitiva fazem parte a vice-presidente da comiss\u00e3o executiva da Aicep Global Parques, Isabel Caldeira Cardoso, o presidente da APS &#8211; Administra\u00e7\u00e3o dos Portos de Sines e do Algarve, Jos\u00e9 Lu\u00eds Cacho, o presidente da ARPTA &#8211; Ag\u00eancia Regional de Promo\u00e7\u00e3o Tur\u00edstica do Alentejo, V\u00edtor Silva, o vice-presidente do Munic\u00edpio Ponte de Sor, Rog\u00e9rio Alves, o presidente do Munic\u00edpio Santiago do Cac\u00e9m, \u00c1lvaro Beijinha, o presidente do Munic\u00edpio de Sines, Nuno Mascarenhas e o coordenador do departamento de rela\u00e7\u00f5es externas da ADRAL e coordenador da iniciativa Invest in Alentejo, Daniel Janeiro, entre outras personalidades.<\/p>\n","protected":false},"excerpt":{"rendered":"<p>Parte hoje para a Expo Dubai a maior miss\u00e3o empresarial de internacionaliza\u00e7\u00e3o do Alentejo. Esta \u00e9 uma miss\u00e3o da ADRAL \u2013 Ag\u00eancia de Desenvolvimento Regional do Alentejo, no \u00e2mbito da iniciativa Invest in Alentejo, para promover a internacionaliza\u00e7\u00e3o dos principais equipamentos e recursos da regi\u00e3o do Alentejo no Pavilh\u00e3o de Portugal da Expo Dubai 2020, [&hellip;]<\/p>\n","protected":false},"author":1,"featured_media":798,"comment_status":"closed","ping_status":"open","sticky":false,"template":"","format":"standard","meta":{"footnotes":""},"categories":[1],"tags":[],"class_list":["post-687","post","type-post","status-publish","format-standard","has-post-thumbnail","hentry","category-sem-categoria"],"acf":[],"_links":{"self":[{"href":"https:\/\/investinalentejo.pt\/pt\/wp-json\/wp\/v2\/posts\/687","targetHints":{"allow":["GET"]}}],"collection":[{"href":"https:\/\/investinalentejo.pt\/pt\/wp-json\/wp\/v2\/posts"}],"about":[{"href":"https:\/\/investinalentejo.pt\/pt\/wp-json\/wp\/v2\/types\/post"}],"author":[{"embeddable":true,"href":"https:\/\/investinalentejo.pt\/pt\/wp-json\/wp\/v2\/users\/1"}],"replies":[{"embeddable":true,"href":"https:\/\/investinalentejo.pt\/pt\/wp-json\/wp\/v2\/comments?post=687"}],"version-history":[{"count":1,"href":"https:\/\/investinalentejo.pt\/pt\/wp-json\/wp\/v2\/posts\/687\/revisions"}],"predecessor-version":[{"id":688,"href":"https:\/\/investinalentejo.pt\/pt\/wp-json\/wp\/v2\/posts\/687\/revisions\/688"}],"wp:featuredmedia":[{"embeddable":true,"href":"https:\/\/investinalentejo.pt\/pt\/wp-json\/wp\/v2\/media\/798"}],"wp:attachment":[{"href":"https:\/\/investinalentejo.pt\/pt\/wp-json\/wp\/v2\/media?parent=687"}],"wp:term":[{"taxonomy":"category","embeddable":true,"href":"https:\/\/investinalentejo.pt\/pt\/wp-json\/wp\/v2\/categories?post=687"},{"taxonomy":"post_tag","embeddable":true,"href":"https:\/\/investinalentejo.pt\/pt\/wp-json\/wp\/v2\/tags?post=687"}],"curies":[{"name":"wp","href":"https:\/\/api.w.org\/{rel}","templated":true}]}}