{"id":689,"date":"2022-01-28T21:13:00","date_gmt":"2022-01-28T21:13:00","guid":{"rendered":"http:\/\/investinalentejo.pt\/pt\/?p=689"},"modified":"2022-12-11T00:08:12","modified_gmt":"2022-12-11T00:08:12","slug":"invest-in-alentejo-em-destaque-no-evento-portugal-negocios-e-investimentos-promovido-pela-federacao-das-camaras-portuguesas-de-comercio-no-brasil","status":"publish","type":"post","link":"https:\/\/investinalentejo.pt\/pt\/invest-in-alentejo-em-destaque-no-evento-portugal-negocios-e-investimentos-promovido-pela-federacao-das-camaras-portuguesas-de-comercio-no-brasil\/","title":{"rendered":"Invest in Alentejo em destaque no evento \u201cPortugal Neg\u00f3cios e Investimentos\u201d, promovido pela Federa\u00e7\u00e3o das C\u00e2maras Portuguesas de Com\u00e9rcio no Brasil"},"content":{"rendered":"\n<p>A iniciativa Invest in Alentejo, liderada pela ADRAL &#8211; Ag\u00eancia de Desenvolvimento Regional do Alentejo e financiada pelo Programa Alentejo 2020, esteve em destaque no evento &#8220;Portugal Neg\u00f3cios &amp; Investimentos&#8221;, promovido pela Federa\u00e7\u00e3o das C\u00e2maras Portuguesas de Com\u00e9rcio no Brasil e com o apoio da aicep Portugal Global.<\/p>\n\n\n\n<p>A ADRAL &#8211; Ag\u00eancia de Desenvolvimento Regional do Alentejo, a APS &#8211; Administra\u00e7\u00e3o dos Portos de Sines e do Algarve e o Munic\u00edpio de Sines, tiveram a oportunidade de apresentar a estrat\u00e9gia de promo\u00e7\u00e3o externa da Regi\u00e3o Alentejo, que tem estado a ser desenvolvida, em parceria com os principais agentes da regi\u00e3o como o Munic\u00edpio Ponte de Sor, a EDIA &#8211; Empresa de Desenvolvimento e Infra-estruturas do Alqueva, S.A., a ARPTA &#8211; Ag\u00eancia Regional de Promo\u00e7\u00e3o Turismo do Alentejo e o cons\u00f3rcio de Sines, composto pela Aicep Global Parques, APS \u2013 Administra\u00e7\u00e3o dos Portos de Sines e Algarve, CPLS \u2013 Comunidade Portu\u00e1ria e Log\u00edstica de Sines e Munic\u00edpio de Sines.<\/p>\n\n\n\n<p>Esta sess\u00e3o tamb\u00e9m contou com a presen\u00e7a do Sr. Embaixador de Portugal no Brasil (Embaixada de Portugal no Brasil), Dr. Lu\u00eds Faro Ramos, o Sr. Presidente da Federa\u00e7\u00e3o das C\u00e2maras Portuguesas de Com\u00e9rcio no Brasil, Dr. Armando Abreu, bem como os presidentes e diretores das C\u00e2maras filiadas \u00e0 Federa\u00e7\u00e3o, al\u00e9m de c\u00e2maras parceiras.<\/p>\n\n\n\n<p>O evento teve excelente repercuss\u00e3o, contando com 150 pessoas inscritas com assist\u00eancia de 89 pessoas, entre gestores, c\u00e2maras associadas, parceiros e empres\u00e1rios.<\/p>\n","protected":false},"excerpt":{"rendered":"<p>A iniciativa Invest in Alentejo, liderada pela ADRAL &#8211; Ag\u00eancia de Desenvolvimento Regional do Alentejo e financiada pelo Programa Alentejo 2020, esteve em destaque no evento &#8220;Portugal Neg\u00f3cios &amp; Investimentos&#8221;, promovido pela Federa\u00e7\u00e3o das C\u00e2maras Portuguesas de Com\u00e9rcio no Brasil e com o apoio da aicep Portugal Global. A ADRAL &#8211; Ag\u00eancia de Desenvolvimento Regional [&hellip;]<\/p>\n","protected":false},"author":1,"featured_media":800,"comment_status":"closed","ping_status":"open","sticky":false,"template":"","format":"standard","meta":{"footnotes":""},"categories":[1],"tags":[],"class_list":["post-689","post","type-post","status-publish","format-standard","has-post-thumbnail","hentry","category-sem-categoria"],"acf":[],"_links":{"self":[{"href":"https:\/\/investinalentejo.pt\/pt\/wp-json\/wp\/v2\/posts\/689","targetHints":{"allow":["GET"]}}],"collection":[{"href":"https:\/\/investinalentejo.pt\/pt\/wp-json\/wp\/v2\/posts"}],"about":[{"href":"https:\/\/investinalentejo.pt\/pt\/wp-json\/wp\/v2\/types\/post"}],"author":[{"embeddable":true,"href":"https:\/\/investinalentejo.pt\/pt\/wp-json\/wp\/v2\/users\/1"}],"replies":[{"embeddable":true,"href":"https:\/\/investinalentejo.pt\/pt\/wp-json\/wp\/v2\/comments?post=689"}],"version-history":[{"count":1,"href":"https:\/\/investinalentejo.pt\/pt\/wp-json\/wp\/v2\/posts\/689\/revisions"}],"predecessor-version":[{"id":690,"href":"https:\/\/investinalentejo.pt\/pt\/wp-json\/wp\/v2\/posts\/689\/revisions\/690"}],"wp:featuredmedia":[{"embeddable":true,"href":"https:\/\/investinalentejo.pt\/pt\/wp-json\/wp\/v2\/media\/800"}],"wp:attachment":[{"href":"https:\/\/investinalentejo.pt\/pt\/wp-json\/wp\/v2\/media?parent=689"}],"wp:term":[{"taxonomy":"category","embeddable":true,"href":"https:\/\/investinalentejo.pt\/pt\/wp-json\/wp\/v2\/categories?post=689"},{"taxonomy":"post_tag","embeddable":true,"href":"https:\/\/investinalentejo.pt\/pt\/wp-json\/wp\/v2\/tags?post=689"}],"curies":[{"name":"wp","href":"https:\/\/api.w.org\/{rel}","templated":true}]}}