{"id":691,"date":"2022-01-28T21:13:00","date_gmt":"2022-01-28T21:13:00","guid":{"rendered":"http:\/\/investinalentejo.pt\/pt\/?p=691"},"modified":"2022-12-11T00:07:15","modified_gmt":"2022-12-11T00:07:15","slug":"invest-in-alentejo-novos-cabos-submarinos-e-centros-de-dados-colocam-sines-no-centro-da-transicao-digital","status":"publish","type":"post","link":"https:\/\/investinalentejo.pt\/pt\/invest-in-alentejo-novos-cabos-submarinos-e-centros-de-dados-colocam-sines-no-centro-da-transicao-digital\/","title":{"rendered":"Invest in Alentejo &#8211; Novos cabos submarinos e centros de dados colocam Sines no centro da transi\u00e7\u00e3o digital"},"content":{"rendered":"\n<p>Na segunda grande confer\u00eancia \u201cEncontros na ZILS: Sines Tech, EU-Atlantic Data Gateway Platform\u201d, agora exclusivamente dedicada \u00e0 infraestrutura da transi\u00e7\u00e3o digital, foram debatidos os atributos \u00fanicos de Sines para acolher Esta\u00e7\u00f5es de Amarra\u00e7\u00e3o de Cabos (CLS \u2013 Cable Landing Stations) submarinos de telecomunica\u00e7\u00f5es e instalar grandes Centros de Dados (DC \u2013 Data Centers), em linha com a Plataforma EU-Atlantic Data Gateway para a economia digital da Europa.<\/p>\n\n\n\n<p>Promovida pela Aicep Global Parques e pela ADRAL &#8211; Ag\u00eancia de Desenvolvimento Regional do Alentejo, esta confer\u00eancia, organizada no \u00e2mbito da iniciativa Invest in Alentejo, financiada pelo programa Alentejo 2020, teve como ponto alto o an\u00fancio de processos em curso para a amarra\u00e7\u00e3o de quatro novos cabos submarinos em Portugal at\u00e9 2025. Nomeadamente, o Equiano da Google, o 2Africa do Facebook (Meta) e o Medusa da AFR-IX que se juntam ao j\u00e1 existente cabo de dados de fibra \u00f3tica Ellalink que, atualmente, liga a Europa (em Sines) \u00e0 Am\u00e9rica do Sul (em Fortaleza).<\/p>\n\n\n\n<p>Quanto a Centros de Dados, destaque para Start &#8211; Sines Transatlantic Renewable &amp; Technology Campus, projeto a instalar na ZILS que ser\u00e1 o maior campus de processamento e armazenamento de dados alimentado por energias renov\u00e1veis na Europa, com um investimento de 3.500M\u20ac e que vai empregar 1.200 pessoas. Foi tamb\u00e9m anunciada a cria\u00e7\u00e3o de uma one-stop-shop para amarra\u00e7\u00e3o de cabos no painel sobre \u201cRegula\u00e7\u00e3o e Licenciamentos Nacionais\u201d, com a presen\u00e7a da ANACOM &#8211; Autoridade Nacional de Comunica\u00e7\u00f5es, da DGRM &#8211; Dire\u00e7\u00e3o-Geral de Recursos Naturais, Seguran\u00e7a e Servi\u00e7os Mar\u00edtimos e da APA &#8211; Ag\u00eancia Portuguesa do Ambiente. Esta ser\u00e1 uma solu\u00e7\u00e3o online de pr\u00e9-registo para a agilizar procedimentos e burocracias para os projetos nesta \u00e1rea, uma flexibiliza\u00e7\u00e3o determinante para o posicionamento competitivo de Portugal.<\/p>\n","protected":false},"excerpt":{"rendered":"<p>Na segunda grande confer\u00eancia \u201cEncontros na ZILS: Sines Tech, EU-Atlantic Data Gateway Platform\u201d, agora exclusivamente dedicada \u00e0 infraestrutura da transi\u00e7\u00e3o digital, foram debatidos os atributos \u00fanicos de Sines para acolher Esta\u00e7\u00f5es de Amarra\u00e7\u00e3o de Cabos (CLS \u2013 Cable Landing Stations) submarinos de telecomunica\u00e7\u00f5es e instalar grandes Centros de Dados (DC \u2013 Data Centers), em linha [&hellip;]<\/p>\n","protected":false},"author":1,"featured_media":797,"comment_status":"closed","ping_status":"open","sticky":false,"template":"","format":"standard","meta":{"footnotes":""},"categories":[1],"tags":[],"class_list":["post-691","post","type-post","status-publish","format-standard","has-post-thumbnail","hentry","category-sem-categoria"],"acf":[],"_links":{"self":[{"href":"https:\/\/investinalentejo.pt\/pt\/wp-json\/wp\/v2\/posts\/691","targetHints":{"allow":["GET"]}}],"collection":[{"href":"https:\/\/investinalentejo.pt\/pt\/wp-json\/wp\/v2\/posts"}],"about":[{"href":"https:\/\/investinalentejo.pt\/pt\/wp-json\/wp\/v2\/types\/post"}],"author":[{"embeddable":true,"href":"https:\/\/investinalentejo.pt\/pt\/wp-json\/wp\/v2\/users\/1"}],"replies":[{"embeddable":true,"href":"https:\/\/investinalentejo.pt\/pt\/wp-json\/wp\/v2\/comments?post=691"}],"version-history":[{"count":1,"href":"https:\/\/investinalentejo.pt\/pt\/wp-json\/wp\/v2\/posts\/691\/revisions"}],"predecessor-version":[{"id":692,"href":"https:\/\/investinalentejo.pt\/pt\/wp-json\/wp\/v2\/posts\/691\/revisions\/692"}],"wp:featuredmedia":[{"embeddable":true,"href":"https:\/\/investinalentejo.pt\/pt\/wp-json\/wp\/v2\/media\/797"}],"wp:attachment":[{"href":"https:\/\/investinalentejo.pt\/pt\/wp-json\/wp\/v2\/media?parent=691"}],"wp:term":[{"taxonomy":"category","embeddable":true,"href":"https:\/\/investinalentejo.pt\/pt\/wp-json\/wp\/v2\/categories?post=691"},{"taxonomy":"post_tag","embeddable":true,"href":"https:\/\/investinalentejo.pt\/pt\/wp-json\/wp\/v2\/tags?post=691"}],"curies":[{"name":"wp","href":"https:\/\/api.w.org\/{rel}","templated":true}]}}